{"id":620948,"date":"2020-08-24T18:05:00","date_gmt":"2020-08-24T21:05:00","guid":{"rendered":"https:\/\/www.oroverde.com.ar\/web\/?p=620948"},"modified":"2020-08-24T18:08:30","modified_gmt":"2020-08-24T21:08:30","slug":"el-intendente-toledo-se-reunio-con-las-autoridades-del-frigorifico-alberdi","status":"publish","type":"post","link":"https:\/\/www.oroverde.com.ar\/web\/el-intendente-toledo-se-reunio-con-las-autoridades-del-frigorifico-alberdi\/","title":{"rendered":"El intendente Toledo se reuni\u00f3 con las autoridades del frigor\u00edfico Alberdi"},"content":{"rendered":"\n<p>Este mediod\u00eda, el intendente de Oro Verde, Oscar Toledo, se reuni\u00f3 con el due\u00f1o del Frigor\u00edfico \u201cAlberdi\u201d, Leonardo Lequio, y personal jer\u00e1rquico de la empresa. Trataron las medidas sanitarias que vienen tomando desde el inicio de la pandemia, y la aplicaci\u00f3n de protocolos espec\u00edficos a partir de positivos en la planta. En este momento hay tres personas con hisopado positivo y 52 personas aisladas preventivamente. El presidente municipal estuvo en comunicaci\u00f3n con la ministra de Salud, Sonia Vel\u00e1zquez y el ministro de Producci\u00f3n, Juan Jos\u00e9 Bahillo sobre el funcionamiento de la empresa y las medidas a tomar.<\/p>\n\n\n\n<p>&nbsp;En una reuni\u00f3n entre el Municipio y el Frigor\u00edfico \u201cAlberdi\u201d, trataron la aparici\u00f3n de tres casos confirmados de coronavirus entre los trabajadores de la planta, y el aislamiento hasta el momento de 52 empleados que se encuentran en sus casas de manera preventiva. Desde el Frigor\u00edfico desmintieron las versiones vertidas en medios de comunicaci\u00f3n acerca de la situaci\u00f3n sanitaria de la empresa y explicaron c\u00f3mo se trabaja, aplicando estrictamente los protocolos para la actividad y control de las 450 personas que all\u00ed se desempe\u00f1an, que a su vez est\u00e1n aprobados por el Ministerio de Salud.<\/p>\n\n\n\n<p>El intendente se\u00f1al\u00f3 \u201cnosotros podemos afirmar que los cumplimientos de los protocolos son estrictos desde el inicio de la pandemia porque venimos inspeccionando ese accionar\u201d, sobre la continuidad del funcionamiento de la planta explic\u00f3 \u201cestuve en comunicaci\u00f3n de con la ministra de Salud, Sonia Vel\u00e1zquez y con el ministro de Producci\u00f3n Juan Jos\u00e9 Bahilo, y ambos me manifestaron que no hay razones para cerrar la planta mientras todo siga as\u00ed, ya que cambia d\u00eda a d\u00eda. Lo que vamos a hacer desde el Municipio es un control diario con el \u00e1rea de inspecciones\u201d.<\/p>\n","protected":false},"excerpt":{"rendered":"<p>Este mediod\u00eda, el intendente de Oro Verde, Oscar Toledo, se reuni\u00f3 con el due\u00f1o del Frigor\u00edfico \u201cAlberdi\u201d, Leonardo Lequio, y personal jer\u00e1rquico de la empresa. Trataron las medidas sanitarias que&#8230;<\/p>\n","protected":false},"author":1,"featured_media":620949,"comment_status":"open","ping_status":"closed","sticky":false,"template":"","format":"standard","meta":{"_eb_attr":"","footnotes":""},"categories":[80],"tags":[],"class_list":["post-620948","post","type-post","status-publish","format-standard","has-post-thumbnail","hentry","category-covid-19","wpcat-80-id"],"_links":{"self":[{"href":"https:\/\/www.oroverde.com.ar\/web\/wp-json\/wp\/v2\/posts\/620948","targetHints":{"allow":["GET"]}}],"collection":[{"href":"https:\/\/www.oroverde.com.ar\/web\/wp-json\/wp\/v2\/posts"}],"about":[{"href":"https:\/\/www.oroverde.com.ar\/web\/wp-json\/wp\/v2\/types\/post"}],"author":[{"embeddable":true,"href":"https:\/\/www.oroverde.com.ar\/web\/wp-json\/wp\/v2\/users\/1"}],"replies":[{"embeddable":true,"href":"https:\/\/www.oroverde.com.ar\/web\/wp-json\/wp\/v2\/comments?post=620948"}],"version-history":[{"count":1,"href":"https:\/\/www.oroverde.com.ar\/web\/wp-json\/wp\/v2\/posts\/620948\/revisions"}],"predecessor-version":[{"id":620950,"href":"https:\/\/www.oroverde.com.ar\/web\/wp-json\/wp\/v2\/posts\/620948\/revisions\/620950"}],"wp:featuredmedia":[{"embeddable":true,"href":"https:\/\/www.oroverde.com.ar\/web\/wp-json\/wp\/v2\/media\/620949"}],"wp:attachment":[{"href":"https:\/\/www.oroverde.com.ar\/web\/wp-json\/wp\/v2\/media?parent=620948"}],"wp:term":[{"taxonomy":"category","embeddable":true,"href":"https:\/\/www.oroverde.com.ar\/web\/wp-json\/wp\/v2\/categories?post=620948"},{"taxonomy":"post_tag","embeddable":true,"href":"https:\/\/www.oroverde.com.ar\/web\/wp-json\/wp\/v2\/tags?post=620948"}],"curies":[{"name":"wp","href":"https:\/\/api.w.org\/{rel}","templated":true}]}}