{"id":620951,"date":"2020-08-24T18:08:00","date_gmt":"2020-08-24T21:08:00","guid":{"rendered":"https:\/\/www.oroverde.com.ar\/web\/?p=620951"},"modified":"2020-08-24T18:11:36","modified_gmt":"2020-08-24T21:11:36","slug":"tres-nuevos-casos-de-coronavirus-en-oro-verde","status":"publish","type":"post","link":"https:\/\/www.oroverde.com.ar\/web\/tres-nuevos-casos-de-coronavirus-en-oro-verde\/","title":{"rendered":"Tres nuevos casos de coronavirus en Oro Verde"},"content":{"rendered":"\n<p>Esta ma\u00f1ana se informaron tres nuevos casos de coronavirus en nuestra localidad. Las autoridades municipales se encuentran en comunicaci\u00f3n con el Ministerio de Salud para conocer el estado de estas personas y colaborar para garantizar el aislamiento correspondiente al diagn\u00f3stico. Uno de estos casos no reside en nuestra localidad actualmente, pero conserva el domicilio, por lo que aparece en Oro Verde.<\/p>\n\n\n\n<p>ACTUALIZACI\u00d3N EPIDEMIOL\u00d3GICAA partir de los datos reportados al 24 de Agosto de 2020 por el \u00e1rea de Vigilancia Epidemiol\u00f3gica del Ministerio de Salud, en Entre R\u00edos se han sumado 118 nuevos casos de Coronavirus.Los primeros 99 fueron detectados en el Departamento Paran\u00e1, de los cuales 85 corresponden a la ciudad capital, 45 tuvieron contacto estrecho con casos confirmados previamente y de los 40 restantes, sus nexos epidemiol\u00f3gicos se encuentran en estudio. En la localidad de Oro Verde se confirmaron 3 casos, de los cuales 2 son contactos estrechos y el restante se encuentra en investigaci\u00f3n. En Colonia Avellaneda se sumaron 4 casos, 2 de ellos tuvieron contacto estrecho con caso Covid-19 previamente confirmado y los otros 2 se encuentran en estudio. En Hasenkamp se sum\u00f3 1 caso, el cual fue contacto estrecho de un caso de Coronavirus previo. En la ciudad de Crespo se detectaron 2 nuevos casos, ambos tuvieron contacto estrecho con casos Covid-19. Otros 2 casos se confirmaron en Estaci\u00f3n Parera, 1 es contacto estrecho y el otro se encuentra en estudio.Por \u00faltimo, en la localidad de Viale se detectaron 2 casos, que fueron contactos estrechos de pacientes confirmados previamente de Coronavirus.Otros 2 nuevos casos se detectaron en la localidad de Gral. Ram\u00edrez -Departamento Diamante- los cuales fueron contactos estrechos de casos con Covid-19 previamente confirmados.Asimismo, en la ciudad de Villaguay se confirm\u00f3 1 nuevo caso, el cual su nexo epidemiol\u00f3gico se encuentra en investigaci\u00f3n.En la localidad de El Solar -Departamento La Paz- se detect\u00f3 un nuevo caso, el cual es contacto estrecho de caso Covid-19 confirmado previamente.Otro paciente se confirmo en la localidad de Chajar\u00ed -Departamento Federaci\u00f3n- cuyo antecedente epidemiol\u00f3gico se encuentra en investigaci\u00f3n.En la ciudad de Concordia se detectaron 4 nuevos casos, los cuales sus nexos se encuentran en estudio.En la localidad de Victoria se confirmaron 8 pacientes, los cuales 7 de ellos son contactos estrechos de casos previamente diagnosticados de Coronavirus y el restante est\u00e1 en estudio.Otro caso se detect\u00f3 en Federal y su nexo se encuentra en investigaci\u00f3n.Finalmente, en la ciudad de Gualeguay se detect\u00f3 1 caso y su nexo epidemiol\u00f3gico se encuentra en estudio.Cabe citar que las muestras correspondientes a los hisopados realizados en los Departamentos Gualeguaych\u00fa, Uruguay, Col\u00f3n e Islas, comenzaron a ser procesados en la jornada de hoy en el Laboratorio de Uruguay. Ser\u00e1n informados en pr\u00f3ximos reportes. \u2022 Se reclasifican 3 casos de las localidades de Chajar\u00ed, Ram\u00edrez y Cerrito. Por tal motivo se resta 1 caso en cada ciudad.De ese modo, en la provincia son 2.318 los casos confirmados.Subsecretar\u00eda de Prensa y Pol\u00edticas de Comunicaci\u00f3n<\/p>\n\n\n\n<figure class=\"wp-block-image\"><img decoding=\"async\" src=\"https:\/\/scontent.fpra2-1.fna.fbcdn.net\/v\/t1.0-9\/117964870_3289782347772144_596862526903672126_o.jpg?_nc_cat=104&amp;_nc_sid=730e14&amp;_nc_ohc=z_pc-kg_TZQAX88IVp3&amp;_nc_ht=scontent.fpra2-1.fna&amp;oh=8ed61aff0146f496afac7a8658ec42fa&amp;oe=5F69DAE4\" alt=\"\"\/><\/figure>\n","protected":false},"excerpt":{"rendered":"<p>Esta ma\u00f1ana se informaron tres nuevos casos de coronavirus en nuestra localidad. Las autoridades municipales se encuentran en comunicaci\u00f3n con el Ministerio de Salud para conocer el estado de estas&#8230;<\/p>\n","protected":false},"author":1,"featured_media":620744,"comment_status":"open","ping_status":"closed","sticky":false,"template":"","format":"standard","meta":{"_eb_attr":"","footnotes":""},"categories":[80],"tags":[],"class_list":["post-620951","post","type-post","status-publish","format-standard","has-post-thumbnail","hentry","category-covid-19","wpcat-80-id"],"_links":{"self":[{"href":"https:\/\/www.oroverde.com.ar\/web\/wp-json\/wp\/v2\/posts\/620951","targetHints":{"allow":["GET"]}}],"collection":[{"href":"https:\/\/www.oroverde.com.ar\/web\/wp-json\/wp\/v2\/posts"}],"about":[{"href":"https:\/\/www.oroverde.com.ar\/web\/wp-json\/wp\/v2\/types\/post"}],"author":[{"embeddable":true,"href":"https:\/\/www.oroverde.com.ar\/web\/wp-json\/wp\/v2\/users\/1"}],"replies":[{"embeddable":true,"href":"https:\/\/www.oroverde.com.ar\/web\/wp-json\/wp\/v2\/comments?post=620951"}],"version-history":[{"count":1,"href":"https:\/\/www.oroverde.com.ar\/web\/wp-json\/wp\/v2\/posts\/620951\/revisions"}],"predecessor-version":[{"id":620952,"href":"https:\/\/www.oroverde.com.ar\/web\/wp-json\/wp\/v2\/posts\/620951\/revisions\/620952"}],"wp:featuredmedia":[{"embeddable":true,"href":"https:\/\/www.oroverde.com.ar\/web\/wp-json\/wp\/v2\/media\/620744"}],"wp:attachment":[{"href":"https:\/\/www.oroverde.com.ar\/web\/wp-json\/wp\/v2\/media?parent=620951"}],"wp:term":[{"taxonomy":"category","embeddable":true,"href":"https:\/\/www.oroverde.com.ar\/web\/wp-json\/wp\/v2\/categories?post=620951"},{"taxonomy":"post_tag","embeddable":true,"href":"https:\/\/www.oroverde.com.ar\/web\/wp-json\/wp\/v2\/tags?post=620951"}],"curies":[{"name":"wp","href":"https:\/\/api.w.org\/{rel}","templated":true}]}}