{"id":620959,"date":"2020-08-27T19:54:06","date_gmt":"2020-08-27T22:54:06","guid":{"rendered":"https:\/\/www.oroverde.com.ar\/web\/?p=620959"},"modified":"2020-08-27T19:54:09","modified_gmt":"2020-08-27T22:54:09","slug":"reunion-del-intendente-con-autoridades-del-frigorifico-alberdi","status":"publish","type":"post","link":"https:\/\/www.oroverde.com.ar\/web\/reunion-del-intendente-con-autoridades-del-frigorifico-alberdi\/","title":{"rendered":"Reuni\u00f3n del Intendente con autoridades del Frigor\u00edfico Alberdi"},"content":{"rendered":"\n<p>La reuni\u00f3n tuvo lugar en las instalaciones del Frigor\u00edfico Alberdi esta ma\u00f1ana para evaluar la situaci\u00f3n epidemiol\u00f3gica de la empresa. Participaron el intendente Oscar Toledo; Pablo Basso, titular del Instituto de Control de Alimentaci\u00f3n y Bromatolog\u00eda (ICAB), Diana Mernes funcionaria del Ministerio de Salud de Entre R\u00edos, la directora interina del Centro de Salud \u00abLuis A. Gianotti\u00bb, Guillermina Barrera, representantes del Sindicato de la Carne, y por la empresa, Javier Mercau, jefe de Recursos Humanos del Frigor\u00edfico Alberdi y el titular de esta planta, Luis Lequio, entre otros.<\/p>\n\n\n\n<p>Durante el encuentro, realizado para acordar las medidas necesarias que permitan el funcionamiento de la planta ubicada en Oro Verde, se inform\u00f3 que hasta hoy se detectaron 11 casos positivos entre los trabajadores y hay aproximadamente 130 personas sin trabajar, entre aislados preventivamente por considerarse contactos estrechos de estos positivos y licenciados desde el inicio de la pandemia por ser grupo de riesgo. Cabe recordar que estos casos y las personas aisladas residen en diferentes localidades, mayormente en la capital entrerriana. Los empleados en aislamiento pertenecientes a Oro Verde son monitoreados por el Municipio y las autoridades policiales, con un seguimiento del Centro de Salud.<\/p>\n\n\n\n<p>El n\u00famero de trabajadores aislados dificulta mantener la producci\u00f3n de la empresa, por lo que llegar\u00e1 personal capacitado de plantas ubicadas en otras ciudades para hacer un reemplazo. Todos contar\u00e1n con un hisopado negativo, y se desempe\u00f1ar\u00e1n en un turno vespertino. Trabajar\u00e1n bajo la modalidad de burbuja (sin contacto con los dem\u00e1s trabajadores) y permanecer\u00e1n aislados en un alojamiento en la vecina ciudad de Paran\u00e1. Adem\u00e1s, se tomar\u00e1 personal de Oro Verde para completar la plantilla.<\/p>\n\n\n\n<p>Por otro lado, el ministerio de Producci\u00f3n, junto al personal de Salud, recomendaron nuevas medidas que se sumar\u00e1n al protocolo que se viene cumpliendo para mejorar el distanciamiento y reducir la posibilidad de ser contacto estrecho en la planta.<\/p>\n","protected":false},"excerpt":{"rendered":"<p>La reuni\u00f3n tuvo lugar en las instalaciones del Frigor\u00edfico Alberdi esta ma\u00f1ana para evaluar la situaci\u00f3n epidemiol\u00f3gica de la empresa. Participaron el intendente Oscar Toledo; Pablo Basso, titular del Instituto&#8230;<\/p>\n","protected":false},"author":1,"featured_media":620960,"comment_status":"open","ping_status":"closed","sticky":false,"template":"","format":"standard","meta":{"_eb_attr":"","footnotes":""},"categories":[80],"tags":[],"class_list":["post-620959","post","type-post","status-publish","format-standard","has-post-thumbnail","hentry","category-covid-19","wpcat-80-id"],"_links":{"self":[{"href":"https:\/\/www.oroverde.com.ar\/web\/wp-json\/wp\/v2\/posts\/620959","targetHints":{"allow":["GET"]}}],"collection":[{"href":"https:\/\/www.oroverde.com.ar\/web\/wp-json\/wp\/v2\/posts"}],"about":[{"href":"https:\/\/www.oroverde.com.ar\/web\/wp-json\/wp\/v2\/types\/post"}],"author":[{"embeddable":true,"href":"https:\/\/www.oroverde.com.ar\/web\/wp-json\/wp\/v2\/users\/1"}],"replies":[{"embeddable":true,"href":"https:\/\/www.oroverde.com.ar\/web\/wp-json\/wp\/v2\/comments?post=620959"}],"version-history":[{"count":1,"href":"https:\/\/www.oroverde.com.ar\/web\/wp-json\/wp\/v2\/posts\/620959\/revisions"}],"predecessor-version":[{"id":620961,"href":"https:\/\/www.oroverde.com.ar\/web\/wp-json\/wp\/v2\/posts\/620959\/revisions\/620961"}],"wp:featuredmedia":[{"embeddable":true,"href":"https:\/\/www.oroverde.com.ar\/web\/wp-json\/wp\/v2\/media\/620960"}],"wp:attachment":[{"href":"https:\/\/www.oroverde.com.ar\/web\/wp-json\/wp\/v2\/media?parent=620959"}],"wp:term":[{"taxonomy":"category","embeddable":true,"href":"https:\/\/www.oroverde.com.ar\/web\/wp-json\/wp\/v2\/categories?post=620959"},{"taxonomy":"post_tag","embeddable":true,"href":"https:\/\/www.oroverde.com.ar\/web\/wp-json\/wp\/v2\/tags?post=620959"}],"curies":[{"name":"wp","href":"https:\/\/api.w.org\/{rel}","templated":true}]}}