{"id":620962,"date":"2020-08-29T06:09:09","date_gmt":"2020-08-29T09:09:09","guid":{"rendered":"https:\/\/www.oroverde.com.ar\/web\/?p=620962"},"modified":"2020-08-29T06:09:12","modified_gmt":"2020-08-29T09:09:12","slug":"realizamos-controles-para-corroborar-que-los-protocolos-se-cumplan","status":"publish","type":"post","link":"https:\/\/www.oroverde.com.ar\/web\/realizamos-controles-para-corroborar-que-los-protocolos-se-cumplan\/","title":{"rendered":"Realizamos controles para corroborar que los protocolos se cumplan"},"content":{"rendered":"\n<p>Son once los trabajadores con Covid-19 en el Frigor\u00edfico Alberdi. Toledo manifest\u00f3 a <strong>Elonce TV <\/strong>que la mayor\u00eda de estas personas \u00abson de Paran\u00e1\u00bb. De la misma manera adelant\u00f3 c\u00f3mo trabajar\u00e1n desde el lunes en la empresa.<\/p>\n\n\n\n<p>El intendente de Oro Verde, Oscar Toledo, record\u00f3, en di\u00e1logo con <em>Elonce TV<\/em> que en esa localidad \u00abhasta el momento hemos tenido quince casos, hay cinco activos. Los dem\u00e1s han sido dado de alta\u00bb.<br><br>\u00ab<strong>Tambi\u00e9n tenemos 11 contagiados del Frigor\u00edfico Alberdi, que en su mayor\u00eda son de Paran\u00e1. Estamos preocupados pero ocupados en el tema, siempre en contacto con Salud de la provincia, viendo a ver qu\u00e9 sucede en las pr\u00f3ximas horas<\/strong>\u00ab, destac\u00f3.<\/p>\n\n\n\n<p>Respecto del Frigor\u00edfico Alberdi, asever\u00f3 que en esa empresa \u00abvienen trabajando en su protocolo de buena manera. Realizamos controles todos los d\u00edas, para corroborar que los controles se cumplan\u00bb.<\/p>\n\n\n\n<p>De la misma manera, Toledo mencion\u00f3: \u00abAyer estuvimos en una reuni\u00f3n con el Ministerio de Producci\u00f3n de la provincia, con el Ministerio de salud y con el gremio de los trabajadores, para pactar c\u00f3mo seguir trabajando en adelante y por supuesto, que no corran riesgos los empleos de los trabajadores; para nosotros la empresa es muy importante.<strong> Gran parte de los trabajadores son de esta localidad y de zona cercana y es una de las fuentes de trabajo m\u00e1s importantes que tenemos en Oro Verde<\/strong>\u00ab.<\/p>\n\n\n\n<p>Adelant\u00f3 que <strong>producto de los casos de coronavirus que afectan a trabajadores del Frigor\u00edfico Alberdi, \u00abel lunes ingresar\u00e1n alrededor de 15 personas de nuestra localidad para ir cubriendo esas vacantes. La empresa tambi\u00e9n tiene trabajadores de otro sector que vendr\u00e1n a trabajar a nuestra localidad. Lo har\u00e1n en el turno tarde, en un sistema que se denomina &#8216;burbuja&#8217;, luego del trabajo se ir\u00e1n hacia un hotel <\/strong>para luego ingresar al otro d\u00eda, a la planta\u00bb.<\/p>\n\n\n\n<p><strong>Respecto al comportamiento de los habitantes de Oro Verde<\/strong>, en el marco de esta pandemia, dijo: \u00abNuestros habitantes se vienen comportando de muy buena manera, respetando el aislamiento, seguir reafirmando el compromiso con todos. Les quiero pedir un esfuerzo m\u00e1s. Tenemos una relaci\u00f3n con Paran\u00e1: mucha de nuestra gente trabaja en la capital provincial, esto hace que estemos en riesgo. Es hora de que seamos conscientes de que la \u00fanica manera de salir de esto es trabajando y respetando el DNU del Presidente y las decisiones que se toman desde la provincia, para no tener a\u00fan mayores complicaciones, porque, de seguir de esta manera, el sistema de salud se ver\u00e1 muy complicado\u00bb. <em>Elonce.com<\/em>.<\/p>\n","protected":false},"excerpt":{"rendered":"<p>Son once los trabajadores con Covid-19 en el Frigor\u00edfico Alberdi. Toledo manifest\u00f3 a Elonce TV que la mayor\u00eda de estas personas \u00abson de Paran\u00e1\u00bb. De la misma manera adelant\u00f3 c\u00f3mo&#8230;<\/p>\n","protected":false},"author":1,"featured_media":620963,"comment_status":"open","ping_status":"closed","sticky":false,"template":"","format":"standard","meta":{"_eb_attr":"","footnotes":""},"categories":[80],"tags":[],"class_list":["post-620962","post","type-post","status-publish","format-standard","has-post-thumbnail","hentry","category-covid-19","wpcat-80-id"],"_links":{"self":[{"href":"https:\/\/www.oroverde.com.ar\/web\/wp-json\/wp\/v2\/posts\/620962","targetHints":{"allow":["GET"]}}],"collection":[{"href":"https:\/\/www.oroverde.com.ar\/web\/wp-json\/wp\/v2\/posts"}],"about":[{"href":"https:\/\/www.oroverde.com.ar\/web\/wp-json\/wp\/v2\/types\/post"}],"author":[{"embeddable":true,"href":"https:\/\/www.oroverde.com.ar\/web\/wp-json\/wp\/v2\/users\/1"}],"replies":[{"embeddable":true,"href":"https:\/\/www.oroverde.com.ar\/web\/wp-json\/wp\/v2\/comments?post=620962"}],"version-history":[{"count":1,"href":"https:\/\/www.oroverde.com.ar\/web\/wp-json\/wp\/v2\/posts\/620962\/revisions"}],"predecessor-version":[{"id":620964,"href":"https:\/\/www.oroverde.com.ar\/web\/wp-json\/wp\/v2\/posts\/620962\/revisions\/620964"}],"wp:featuredmedia":[{"embeddable":true,"href":"https:\/\/www.oroverde.com.ar\/web\/wp-json\/wp\/v2\/media\/620963"}],"wp:attachment":[{"href":"https:\/\/www.oroverde.com.ar\/web\/wp-json\/wp\/v2\/media?parent=620962"}],"wp:term":[{"taxonomy":"category","embeddable":true,"href":"https:\/\/www.oroverde.com.ar\/web\/wp-json\/wp\/v2\/categories?post=620962"},{"taxonomy":"post_tag","embeddable":true,"href":"https:\/\/www.oroverde.com.ar\/web\/wp-json\/wp\/v2\/tags?post=620962"}],"curies":[{"name":"wp","href":"https:\/\/api.w.org\/{rel}","templated":true}]}}