{"id":620977,"date":"2020-08-28T23:11:00","date_gmt":"2020-08-29T02:11:00","guid":{"rendered":"https:\/\/www.oroverde.com.ar\/web\/?p=620977"},"modified":"2020-09-01T23:13:00","modified_gmt":"2020-09-02T02:13:00","slug":"conversatorio-sobre-educacion-sexual-integral-esi","status":"publish","type":"post","link":"https:\/\/www.oroverde.com.ar\/web\/conversatorio-sobre-educacion-sexual-integral-esi\/","title":{"rendered":"Conversatorio sobre Educaci\u00f3n Sexual Integral (ESI)"},"content":{"rendered":"\n<p>Se realizar\u00e1 un Conversatorio sobre Educaci\u00f3n Sexual Integral el viernes 11 de septiembre a las 18 hs. por la plataforma Zoom y la expositora ser\u00e1 la Lic. Silvia Primo. All\u00ed se abordar\u00e1n tem\u00e1ticas como \u201cESI para qu\u00e9, por qu\u00e9 y ESI seg\u00fan vamos creciendo\u201d. La actividad es abierta a todo p\u00fablico. La expositora tiene una amplia experiencia en la tem\u00e1tica, es Licenciada .en Trabajo Social, Docente de ESI en nivel medio y extensionista de la Universidad Nacional de Entre R\u00edos. Su experiencia est\u00e1 ligada con la perspectiva de g\u00e9nero y de derechos sexuales y reproductivos. Para participar se realizar\u00e1 una inscripci\u00f3n digital, cuya forma se dar\u00e1 a conocer en los pr\u00f3ximos d\u00edas. La actividad es libre y gratuita est\u00e1 organizada por el Museo \u201cConrado Hasenauer\u201d, la Agrupaci\u00f3n Silvia Wollert y el Municipio de Oro Verde.<\/p>\n","protected":false},"excerpt":{"rendered":"<p>Se realizar\u00e1 un Conversatorio sobre Educaci\u00f3n Sexual Integral el viernes 11 de septiembre a las 18 hs. por la plataforma Zoom y la expositora ser\u00e1 la Lic. Silvia Primo. All\u00ed&#8230;<\/p>\n","protected":false},"author":1,"featured_media":620978,"comment_status":"open","ping_status":"closed","sticky":false,"template":"","format":"standard","meta":{"_eb_attr":"","footnotes":""},"categories":[30,40],"tags":[],"class_list":["post-620977","post","type-post","status-publish","format-standard","has-post-thumbnail","hentry","category-salud","category-salud-noticias-municipales","wpcat-30-id","wpcat-40-id"],"_links":{"self":[{"href":"https:\/\/www.oroverde.com.ar\/web\/wp-json\/wp\/v2\/posts\/620977","targetHints":{"allow":["GET"]}}],"collection":[{"href":"https:\/\/www.oroverde.com.ar\/web\/wp-json\/wp\/v2\/posts"}],"about":[{"href":"https:\/\/www.oroverde.com.ar\/web\/wp-json\/wp\/v2\/types\/post"}],"author":[{"embeddable":true,"href":"https:\/\/www.oroverde.com.ar\/web\/wp-json\/wp\/v2\/users\/1"}],"replies":[{"embeddable":true,"href":"https:\/\/www.oroverde.com.ar\/web\/wp-json\/wp\/v2\/comments?post=620977"}],"version-history":[{"count":1,"href":"https:\/\/www.oroverde.com.ar\/web\/wp-json\/wp\/v2\/posts\/620977\/revisions"}],"predecessor-version":[{"id":620979,"href":"https:\/\/www.oroverde.com.ar\/web\/wp-json\/wp\/v2\/posts\/620977\/revisions\/620979"}],"wp:featuredmedia":[{"embeddable":true,"href":"https:\/\/www.oroverde.com.ar\/web\/wp-json\/wp\/v2\/media\/620978"}],"wp:attachment":[{"href":"https:\/\/www.oroverde.com.ar\/web\/wp-json\/wp\/v2\/media?parent=620977"}],"wp:term":[{"taxonomy":"category","embeddable":true,"href":"https:\/\/www.oroverde.com.ar\/web\/wp-json\/wp\/v2\/categories?post=620977"},{"taxonomy":"post_tag","embeddable":true,"href":"https:\/\/www.oroverde.com.ar\/web\/wp-json\/wp\/v2\/tags?post=620977"}],"curies":[{"name":"wp","href":"https:\/\/api.w.org\/{rel}","templated":true}]}}