{"id":620995,"date":"2020-08-31T10:12:00","date_gmt":"2020-08-31T13:12:00","guid":{"rendered":"https:\/\/www.oroverde.com.ar\/web\/?p=620995"},"modified":"2020-09-02T10:14:07","modified_gmt":"2020-09-02T13:14:07","slug":"oro-verde-entrara-en-aislamiento-preventivo-y-obligatorio-por-decreto-nacional","status":"publish","type":"post","link":"https:\/\/www.oroverde.com.ar\/web\/oro-verde-entrara-en-aislamiento-preventivo-y-obligatorio-por-decreto-nacional\/","title":{"rendered":"Oro Verde entrar\u00e1 en aislamiento preventivo y obligatorio por decreto nacional"},"content":{"rendered":"\n<p>Este mediod\u00eda el Gobierno municipal adhiri\u00f3 al Decreto nacional 714\/2020 y el provincial 1376\/2020 en el que se establece en nuestra localidad el Aislamiento Social, Preventivo y Obligatorio. Comienza este lunes y se extiende hasta el 20 de septiembre. La administraci\u00f3n municipal trabajar\u00e1 s\u00f3lo por turnos y se except\u00faan diferentes actividades como el comercio minorista y las profesiones liberales. <\/p>\n\n\n\n<p>Quedan suspendidas las salidas recreativas, deportivas, reuniones familiares y los cultos. Desde el Municipio rescataron \u201ces importante que respetemos estas medidas para bajar los contagios, estamos pasando como \u00e1rea Metropolitana por una situaci\u00f3n grave que podemos revertir siendo responsables y reduciendo la circulaci\u00f3n innecesaria\u201d. <\/p>\n\n\n\n<p>El decreto nacional 714\/2020 estableci\u00f3 el Aislamiento Social Preventivo y obligatorio para las localidades de Paran\u00e1, Oro Verde, Colonia Avellaneda, San Benito y Gualeguaych\u00fa. El Gobierno Provincial decret\u00f3 excepciones y el Municipio adhiri\u00f3 a la norma mediante el decreto 135\/MOV. <\/p>\n\n\n\n<p>Podr\u00e1 funcionar bajo los protocolos aprobados anteriormente el comercio minorista, obras de construcci\u00f3n privada y p\u00fablica, la actividad industrial, servicios profesionales liberales, colegios profesionales y cajas forenses, y oficios, entidades bancarias. Mientras que bares y restaurantes funcionar\u00e1n en este per\u00edodo con modalidad delivery o para llevar. <\/p>\n\n\n\n<p>Quedan suspendidas las reuniones familiares, salidas recreativas y deportivas, al igual que los cultos. El dictado de clases presenciales en todos los niveles y todas las modalidades, los eventos p\u00fablicos y privados: sociales, culturales, recreativos, deportivos, religiosos y de cualquier otra \u00edndole que impliquen la concurrencia de personas. Los centros comerciales, cines, teatros, centros culturales, bibliotecas, museos, restaurantes, bares, gimnasios, clubes y cualquier espacio p\u00fablico o privado que implique la concurrencia de personas. Servicio P\u00fablico de Transporte de pasajeros interurbano, interjurisdiccional e internacional, salvo para los casos previstos en el art\u00edculo 23 y el turismo. <\/p>\n\n\n\n<p>En cuanto a las reuniones sociales de hasta 10 personas al aire libre habilitadas en otros lugares del pa\u00eds, no se permiten durante esta etapa de ASPO. Administraci\u00f3n Municipal La administraci\u00f3n municipal atender\u00e1 s\u00f3lo por turnos previos, incluso para realizar pagos desde este martes 1\u00b0 de septiembre. Todos los tr\u00e1mites que se realicen en las distintas \u00e1reas del municipio, se har\u00e1n mediante esta nueva modalidad. <\/p>\n\n\n\n<p>Para solicitarlos los vecinos deber\u00e1n comunicarse al 4975000\/4975221 int. 118 al \u00e1rea de Mesa de Entradas o al 0343-154699658 (mensajes y llamadas).<\/p>\n","protected":false},"excerpt":{"rendered":"<p>Este mediod\u00eda el Gobierno municipal adhiri\u00f3 al Decreto nacional 714\/2020 y el provincial 1376\/2020 en el que se establece en nuestra localidad el Aislamiento Social, Preventivo y Obligatorio. Comienza este&#8230;<\/p>\n","protected":false},"author":1,"featured_media":620558,"comment_status":"open","ping_status":"closed","sticky":false,"template":"","format":"standard","meta":{"_eb_attr":"","footnotes":""},"categories":[80],"tags":[],"class_list":["post-620995","post","type-post","status-publish","format-standard","has-post-thumbnail","hentry","category-covid-19","wpcat-80-id"],"_links":{"self":[{"href":"https:\/\/www.oroverde.com.ar\/web\/wp-json\/wp\/v2\/posts\/620995","targetHints":{"allow":["GET"]}}],"collection":[{"href":"https:\/\/www.oroverde.com.ar\/web\/wp-json\/wp\/v2\/posts"}],"about":[{"href":"https:\/\/www.oroverde.com.ar\/web\/wp-json\/wp\/v2\/types\/post"}],"author":[{"embeddable":true,"href":"https:\/\/www.oroverde.com.ar\/web\/wp-json\/wp\/v2\/users\/1"}],"replies":[{"embeddable":true,"href":"https:\/\/www.oroverde.com.ar\/web\/wp-json\/wp\/v2\/comments?post=620995"}],"version-history":[{"count":1,"href":"https:\/\/www.oroverde.com.ar\/web\/wp-json\/wp\/v2\/posts\/620995\/revisions"}],"predecessor-version":[{"id":620996,"href":"https:\/\/www.oroverde.com.ar\/web\/wp-json\/wp\/v2\/posts\/620995\/revisions\/620996"}],"wp:featuredmedia":[{"embeddable":true,"href":"https:\/\/www.oroverde.com.ar\/web\/wp-json\/wp\/v2\/media\/620558"}],"wp:attachment":[{"href":"https:\/\/www.oroverde.com.ar\/web\/wp-json\/wp\/v2\/media?parent=620995"}],"wp:term":[{"taxonomy":"category","embeddable":true,"href":"https:\/\/www.oroverde.com.ar\/web\/wp-json\/wp\/v2\/categories?post=620995"},{"taxonomy":"post_tag","embeddable":true,"href":"https:\/\/www.oroverde.com.ar\/web\/wp-json\/wp\/v2\/tags?post=620995"}],"curies":[{"name":"wp","href":"https:\/\/api.w.org\/{rel}","templated":true}]}}