{"id":621002,"date":"2020-09-01T02:32:00","date_gmt":"2020-09-01T05:32:00","guid":{"rendered":"https:\/\/www.oroverde.com.ar\/web\/?p=621002"},"modified":"2020-09-04T15:22:42","modified_gmt":"2020-09-04T18:22:42","slug":"situacion-del-frigorifico-alberdi-se-reunieron-autoridades-municipales-y-provinciales-con-el-gremio-y-la-empresa","status":"publish","type":"post","link":"https:\/\/www.oroverde.com.ar\/web\/situacion-del-frigorifico-alberdi-se-reunieron-autoridades-municipales-y-provinciales-con-el-gremio-y-la-empresa\/","title":{"rendered":"Situaci\u00f3n del Frigor\u00edfico Alberdi: se reunieron autoridades municipales y provinciales con el gremio y la empresa"},"content":{"rendered":"\n<p>Evaluaron la situaci\u00f3n epidemiol\u00f3gica del Frigor\u00edfico Alberdi este mediod\u00eda en una reuni\u00f3n llevada adelante en el Quincho del Polideportivo Municipal de Oro Verde. Particip\u00f3 el ministro de Producci\u00f3n Juan Jos\u00e9 Bahillo, el intendente de la localidad, Oscar Toledo; la viceintendenta, Marianela Komar; el subsecretario de Redes Integradas de Servicios de Salud, Marcos Bachetti; representantes del Senasa, Gustavo Steinbreger y Leandro Ravinale, y el titular del ICAAB, Pablo Basso.&nbsp; Por el sindicato que nuclea a los trabajadores, Elbio Schaab y Omar Gareis, y el presidente ejecutivo de la empresa, Leonardo Lequio, entre otros.<\/p>\n\n\n\n<p>Durante el encuentro, el presidente ejecutivo del Frigor\u00edfico Alberdi explic\u00f3 que no se est\u00e1 faenando y solamente se trabajar\u00e1 en desposte hasta el viernes, para realizar el fin de semana una desinfecci\u00f3n general. La planta comenzar\u00e1 a funcionar nuevamente el lunes, con una reducci\u00f3n importante del personal. Tambi\u00e9n acordaron con el ministerio de Salud y los representantes sindicales una serie de capacitaciones virtuales a los trabajadores acerca de los cuidados ante el coronavirus y los protocolos para esta industria.<\/p>\n\n\n\n<p>El intendente de la localidad, Oscar Toledo, se\u00f1al\u00f3 la dificultad de la situaci\u00f3n \u201cestamos muy preocupados por este tema, pero tambi\u00e9n ocupados, de eso se trat\u00f3 esta reuni\u00f3n de la que participaron todos los actores involucrados. Acordamos medidas para disminuir los contagios que no queremos que suban, pero tampoco podemos dejar a la gente sin trabajo. En ese equilibrio, evaluamos las posibilidades\u201d.<\/p>\n\n\n\n<p>\u201cLos controles que vamos a realizar desde el Municipio apuntan a que los protocolos sean a\u00fan m\u00e1s estrictos, y para eso acordamos llevarlos adelante con el gremio para verificar que todos los trabajadores cuenten con los elementos de seguridad correspondientes\u201d explic\u00f3 el presidente municipal.<\/p>\n\n\n\n<p>Cabe destacar que dentro de la plantilla de personal son 16 los contagios de coronavirus, 40 personas esperan el resultado del hisopado, y hay un n\u00famero importante de aislados, lo que necesariamente redujo la producci\u00f3n de la planta.<\/p>\n\n\n\n<p>Tambi\u00e9n formaron parte de esta reuni\u00f3n por parte de la empresa, Esteban Rodr\u00edguez, gerente de Comercio Exterior, y Javier Mercau, Jefe de Recursos Humanos; los concejales de Oro Verde, Leonel Reynoso (Creer Entre R\u00edos), y Edgardo Fontana (Juntos por el Cambio) junto al personal del Centro de Salud \u201cLuis Armando Gianotti\u201d.<\/p>\n","protected":false},"excerpt":{"rendered":"<p>Evaluaron la situaci\u00f3n epidemiol\u00f3gica del Frigor\u00edfico Alberdi este mediod\u00eda en una reuni\u00f3n llevada adelante en el Quincho del Polideportivo Municipal de Oro Verde. Particip\u00f3 el ministro de Producci\u00f3n Juan Jos\u00e9&#8230;<\/p>\n","protected":false},"author":7,"featured_media":621003,"comment_status":"open","ping_status":"closed","sticky":false,"template":"","format":"standard","meta":{"_eb_attr":"","footnotes":""},"categories":[80],"tags":[],"class_list":["post-621002","post","type-post","status-publish","format-standard","has-post-thumbnail","hentry","category-covid-19","wpcat-80-id"],"_links":{"self":[{"href":"https:\/\/www.oroverde.com.ar\/web\/wp-json\/wp\/v2\/posts\/621002","targetHints":{"allow":["GET"]}}],"collection":[{"href":"https:\/\/www.oroverde.com.ar\/web\/wp-json\/wp\/v2\/posts"}],"about":[{"href":"https:\/\/www.oroverde.com.ar\/web\/wp-json\/wp\/v2\/types\/post"}],"author":[{"embeddable":true,"href":"https:\/\/www.oroverde.com.ar\/web\/wp-json\/wp\/v2\/users\/7"}],"replies":[{"embeddable":true,"href":"https:\/\/www.oroverde.com.ar\/web\/wp-json\/wp\/v2\/comments?post=621002"}],"version-history":[{"count":1,"href":"https:\/\/www.oroverde.com.ar\/web\/wp-json\/wp\/v2\/posts\/621002\/revisions"}],"predecessor-version":[{"id":621004,"href":"https:\/\/www.oroverde.com.ar\/web\/wp-json\/wp\/v2\/posts\/621002\/revisions\/621004"}],"wp:featuredmedia":[{"embeddable":true,"href":"https:\/\/www.oroverde.com.ar\/web\/wp-json\/wp\/v2\/media\/621003"}],"wp:attachment":[{"href":"https:\/\/www.oroverde.com.ar\/web\/wp-json\/wp\/v2\/media?parent=621002"}],"wp:term":[{"taxonomy":"category","embeddable":true,"href":"https:\/\/www.oroverde.com.ar\/web\/wp-json\/wp\/v2\/categories?post=621002"},{"taxonomy":"post_tag","embeddable":true,"href":"https:\/\/www.oroverde.com.ar\/web\/wp-json\/wp\/v2\/tags?post=621002"}],"curies":[{"name":"wp","href":"https:\/\/api.w.org\/{rel}","templated":true}]}}