{"id":621018,"date":"2020-09-03T03:00:00","date_gmt":"2020-09-03T06:00:00","guid":{"rendered":"https:\/\/www.oroverde.com.ar\/web\/?p=621018"},"modified":"2020-09-04T15:22:41","modified_gmt":"2020-09-04T18:22:41","slug":"la-facultad-de-ingenieria-presento-el-estudio-realizado-en-oro-verde-y-las-recomendaciones-sobre-movilidad-urbana","status":"publish","type":"post","link":"https:\/\/www.oroverde.com.ar\/web\/la-facultad-de-ingenieria-presento-el-estudio-realizado-en-oro-verde-y-las-recomendaciones-sobre-movilidad-urbana\/","title":{"rendered":"La Facultad de Ingenier\u00eda present\u00f3 el estudio realizado en Oro Verde y las recomendaciones sobre movilidad urbana"},"content":{"rendered":"\n<p>Con el objetivo de repensar la movilidad urbana en la localidad, el Municipio firm\u00f3 en noviembre pasado un convenio con la Facultad de Ingenier\u00eda \u2013 UNER, para que un equipo de trabajo de la carrera de Ingenier\u00eda en Transporte, presente un an\u00e1lisis y propuesta a partir de la cual repensar este aspecto en la ciudad. El estudio fue compartido a las autoridades municipales y \u00e1reas involucradas este mi\u00e9rcoles mediante una exposici\u00f3n virtual en la que se detallaron las conclusiones en materia de accesos, movilidad no motorizada, ordenamiento vial y transporte de pasajeros. Al respecto, el intendente Oscar Toledo, expres\u00f3, \u201ces un estudio muy completo, que iremos tomando como referencia para comenzar a ordenar los problemas de tr\u00e1nsito y circulaci\u00f3n que tenemos en la localidad, propios del crecimiento de la ciudad\u201d.\u201cTambi\u00e9n nos sirve para pensar el tr\u00e1nsito no s\u00f3lo en clave de autos particulares, sino de transporte urbano, bicicletas, peatones e impacto ambiental\u201d, se\u00f1al\u00f3. La presentaci\u00f3n, realizada en formato virtual, reuni\u00f3 a autoridades y funcionarios que trabajan en la tem\u00e1tica por sus responsabilidades dentro del Municipio. Adem\u00e1s del presidente municipal formaron parte del encuentro la viceintendenta Marianela Komar, el Jefe de Obra P\u00fablica, Hilario Gasparini, el responsable del \u00e1rea de Obras Privadas, Fabio Bonell, del \u00e1rea de Ambiente, Javier Fern\u00e1ndez, y los concejales Marina Grandolio, Claudia Genolet y Leonel Reynoso.Por parte de la Facultad de Ingenier\u00eda estuvieron presentes, el decano, Diego Campana, y la responsable de Vinculaci\u00f3n Tecnol\u00f3gica, Alejandra Morales, junto a los docentes investigadores de la carrera de Ingenier\u00eda en Transporte, el director Juan Jaurena y el coordinador general, Rafael D\u00edaz. La asesor\u00eda fue aprobada por el Concejo Deliberante mediante la Ordenanza 0019\/2019, y requiri\u00f3 para el Municipio una contraprestaci\u00f3n por el trabajo, regulada por medio convenio marco de trabajo con la Facultad de Ingenier\u00eda.Las autoridades municipales destacaron para finalizar, \u201cla posibilidad de tener un estudio de estas caracter\u00edsticas, priorizando la articulaci\u00f3n con la Universidad que produce conocimiento en y para Oro Verde\u201d.<\/p>\n","protected":false},"excerpt":{"rendered":"<p>Con el objetivo de repensar la movilidad urbana en la localidad, el Municipio firm\u00f3 en noviembre pasado un convenio con la Facultad de Ingenier\u00eda \u2013 UNER, para que un equipo&#8230;<\/p>\n","protected":false},"author":7,"featured_media":621019,"comment_status":"open","ping_status":"closed","sticky":false,"template":"","format":"standard","meta":{"_eb_attr":"","footnotes":""},"categories":[38,83],"tags":[],"class_list":["post-621018","post","type-post","status-publish","format-standard","has-post-thumbnail","hentry","category-convenios","category-seguridad-vial","wpcat-38-id","wpcat-83-id"],"_links":{"self":[{"href":"https:\/\/www.oroverde.com.ar\/web\/wp-json\/wp\/v2\/posts\/621018","targetHints":{"allow":["GET"]}}],"collection":[{"href":"https:\/\/www.oroverde.com.ar\/web\/wp-json\/wp\/v2\/posts"}],"about":[{"href":"https:\/\/www.oroverde.com.ar\/web\/wp-json\/wp\/v2\/types\/post"}],"author":[{"embeddable":true,"href":"https:\/\/www.oroverde.com.ar\/web\/wp-json\/wp\/v2\/users\/7"}],"replies":[{"embeddable":true,"href":"https:\/\/www.oroverde.com.ar\/web\/wp-json\/wp\/v2\/comments?post=621018"}],"version-history":[{"count":1,"href":"https:\/\/www.oroverde.com.ar\/web\/wp-json\/wp\/v2\/posts\/621018\/revisions"}],"predecessor-version":[{"id":621020,"href":"https:\/\/www.oroverde.com.ar\/web\/wp-json\/wp\/v2\/posts\/621018\/revisions\/621020"}],"wp:featuredmedia":[{"embeddable":true,"href":"https:\/\/www.oroverde.com.ar\/web\/wp-json\/wp\/v2\/media\/621019"}],"wp:attachment":[{"href":"https:\/\/www.oroverde.com.ar\/web\/wp-json\/wp\/v2\/media?parent=621018"}],"wp:term":[{"taxonomy":"category","embeddable":true,"href":"https:\/\/www.oroverde.com.ar\/web\/wp-json\/wp\/v2\/categories?post=621018"},{"taxonomy":"post_tag","embeddable":true,"href":"https:\/\/www.oroverde.com.ar\/web\/wp-json\/wp\/v2\/tags?post=621018"}],"curies":[{"name":"wp","href":"https:\/\/api.w.org\/{rel}","templated":true}]}}