{"id":621294,"date":"2020-09-28T15:50:04","date_gmt":"2020-09-28T18:50:04","guid":{"rendered":"https:\/\/www.oroverde.com.ar\/web\/?p=621294"},"modified":"2020-09-28T15:50:06","modified_gmt":"2020-09-28T18:50:06","slug":"estara-cerrada-la-sala-de-primeros-auxilios-por-caso-de-coronavirus-dentro-de-su-personal","status":"publish","type":"post","link":"https:\/\/www.oroverde.com.ar\/web\/estara-cerrada-la-sala-de-primeros-auxilios-por-caso-de-coronavirus-dentro-de-su-personal\/","title":{"rendered":"Estar\u00e1 cerrada la Sala de Primeros Auxilios por caso de coronavirus dentro de su personal"},"content":{"rendered":"\n<p>Informamos a la poblaci\u00f3n que desde este lunes y hasta el viernes 2 de octubre, la Sala de Primeros Auxilios \u201cCris\u00f3logo Larralde\u201d permanecer\u00e1 cerrada por un caso de Covid-19 positivo dentro de su personal.                             Se realizar\u00e1 una desinfecci\u00f3n de las instalaciones, no se atender\u00e1 al p\u00fablico y permanecer\u00e1n en aislamiento preventivo el tiempo recomendado por las autoridades de salud quienes hayan tenido contacto estrecho con esta persona, que ya han sido notificados.                                                                           Ante este contexto el \u00c1rea de Tr\u00e1nsito municipal prorrogar\u00e1 el vencimiento de la licencias que operen en los pr\u00f3ximos 14 d\u00edas. Se otorgar\u00e1n nuevos turnos a quienes deb\u00edan asistir a las revisi\u00f3n m\u00e9dica en esta semana, y se los notificar\u00e1 telef\u00f3nicamente.<\/p>\n","protected":false},"excerpt":{"rendered":"<p>Informamos a la poblaci\u00f3n que desde este lunes y hasta el viernes 2 de octubre, la Sala de Primeros Auxilios \u201cCris\u00f3logo Larralde\u201d permanecer\u00e1 cerrada por un caso de Covid-19 positivo&#8230;<\/p>\n","protected":false},"author":7,"featured_media":621295,"comment_status":"open","ping_status":"closed","sticky":false,"template":"","format":"standard","meta":{"_eb_attr":"","footnotes":""},"categories":[80,12,5],"tags":[],"class_list":["post-621294","post","type-post","status-publish","format-standard","has-post-thumbnail","hentry","category-covid-19","category-instituciones","category-noticias-municipales","wpcat-80-id","wpcat-12-id","wpcat-5-id"],"_links":{"self":[{"href":"https:\/\/www.oroverde.com.ar\/web\/wp-json\/wp\/v2\/posts\/621294","targetHints":{"allow":["GET"]}}],"collection":[{"href":"https:\/\/www.oroverde.com.ar\/web\/wp-json\/wp\/v2\/posts"}],"about":[{"href":"https:\/\/www.oroverde.com.ar\/web\/wp-json\/wp\/v2\/types\/post"}],"author":[{"embeddable":true,"href":"https:\/\/www.oroverde.com.ar\/web\/wp-json\/wp\/v2\/users\/7"}],"replies":[{"embeddable":true,"href":"https:\/\/www.oroverde.com.ar\/web\/wp-json\/wp\/v2\/comments?post=621294"}],"version-history":[{"count":1,"href":"https:\/\/www.oroverde.com.ar\/web\/wp-json\/wp\/v2\/posts\/621294\/revisions"}],"predecessor-version":[{"id":621296,"href":"https:\/\/www.oroverde.com.ar\/web\/wp-json\/wp\/v2\/posts\/621294\/revisions\/621296"}],"wp:featuredmedia":[{"embeddable":true,"href":"https:\/\/www.oroverde.com.ar\/web\/wp-json\/wp\/v2\/media\/621295"}],"wp:attachment":[{"href":"https:\/\/www.oroverde.com.ar\/web\/wp-json\/wp\/v2\/media?parent=621294"}],"wp:term":[{"taxonomy":"category","embeddable":true,"href":"https:\/\/www.oroverde.com.ar\/web\/wp-json\/wp\/v2\/categories?post=621294"},{"taxonomy":"post_tag","embeddable":true,"href":"https:\/\/www.oroverde.com.ar\/web\/wp-json\/wp\/v2\/tags?post=621294"}],"curies":[{"name":"wp","href":"https:\/\/api.w.org\/{rel}","templated":true}]}}