{"id":621545,"date":"2020-10-19T19:34:18","date_gmt":"2020-10-19T22:34:18","guid":{"rendered":"https:\/\/www.oroverde.com.ar\/web\/?p=621545"},"modified":"2020-10-19T19:34:20","modified_gmt":"2020-10-19T22:34:20","slug":"jardin-maternal-municipal-avanzan-los-trabajos-en-las-salas-y-el-techo","status":"publish","type":"post","link":"https:\/\/www.oroverde.com.ar\/web\/jardin-maternal-municipal-avanzan-los-trabajos-en-las-salas-y-el-techo\/","title":{"rendered":"Jard\u00edn Maternal Municipal: avanzan los trabajos en las salas y el techo"},"content":{"rendered":"\n<p>En la obra del Jard\u00edn Maternal municipal se est\u00e1n colocando las estructuras para realizar el techo de las salas y en las galer\u00edas internas.<\/p>\n\n\n\n<p>Adem\u00e1s se avanza en la construcci\u00f3n de otros sectores que comprende este jard\u00edn, compuesto por cuatro salas totalmente equipadas, un sector de administraci\u00f3n, un patio central con un gran espacio verde, galer\u00eda, un sector de servicios con un espacio para el personal de maestranza, ba\u00f1os acondicionados para personas con discapacidades motrices, lockers, un dep\u00f3sito, cocina, junto a un sector exclusivo para el preparado de mamaderas , una sala de primeros auxilios y un espacio verde que tendr\u00e1 juegos.<\/p>\n\n\n\n<p><strong><em>Vale recordar este jard\u00edn, ubicado sobre Av. Los Cha\u00f1ares entre Av. Intendente del Castillo y Los Cardenales, destinado para ni\u00f1os y ni\u00f1as a partir de los 45 d\u00edas hasta los tres a\u00f1os, se realiza con recursos y mano de obra del Municipio.<\/em><\/strong><\/p>\n","protected":false},"excerpt":{"rendered":"<p>En la obra del Jard\u00edn Maternal municipal se est\u00e1n colocando las estructuras para realizar el techo de las salas y en las galer\u00edas internas. Adem\u00e1s se avanza en la construcci\u00f3n&#8230;<\/p>\n","protected":false},"author":7,"featured_media":621546,"comment_status":"open","ping_status":"closed","sticky":false,"template":"","format":"standard","meta":{"_eb_attr":"","footnotes":""},"categories":[5,33],"tags":[],"class_list":["post-621545","post","type-post","status-publish","format-standard","has-post-thumbnail","hentry","category-noticias-municipales","category-obras","wpcat-5-id","wpcat-33-id"],"_links":{"self":[{"href":"https:\/\/www.oroverde.com.ar\/web\/wp-json\/wp\/v2\/posts\/621545","targetHints":{"allow":["GET"]}}],"collection":[{"href":"https:\/\/www.oroverde.com.ar\/web\/wp-json\/wp\/v2\/posts"}],"about":[{"href":"https:\/\/www.oroverde.com.ar\/web\/wp-json\/wp\/v2\/types\/post"}],"author":[{"embeddable":true,"href":"https:\/\/www.oroverde.com.ar\/web\/wp-json\/wp\/v2\/users\/7"}],"replies":[{"embeddable":true,"href":"https:\/\/www.oroverde.com.ar\/web\/wp-json\/wp\/v2\/comments?post=621545"}],"version-history":[{"count":1,"href":"https:\/\/www.oroverde.com.ar\/web\/wp-json\/wp\/v2\/posts\/621545\/revisions"}],"predecessor-version":[{"id":621547,"href":"https:\/\/www.oroverde.com.ar\/web\/wp-json\/wp\/v2\/posts\/621545\/revisions\/621547"}],"wp:featuredmedia":[{"embeddable":true,"href":"https:\/\/www.oroverde.com.ar\/web\/wp-json\/wp\/v2\/media\/621546"}],"wp:attachment":[{"href":"https:\/\/www.oroverde.com.ar\/web\/wp-json\/wp\/v2\/media?parent=621545"}],"wp:term":[{"taxonomy":"category","embeddable":true,"href":"https:\/\/www.oroverde.com.ar\/web\/wp-json\/wp\/v2\/categories?post=621545"},{"taxonomy":"post_tag","embeddable":true,"href":"https:\/\/www.oroverde.com.ar\/web\/wp-json\/wp\/v2\/tags?post=621545"}],"curies":[{"name":"wp","href":"https:\/\/api.w.org\/{rel}","templated":true}]}}