{"id":621913,"date":"2020-11-23T14:13:00","date_gmt":"2020-11-23T17:13:00","guid":{"rendered":"https:\/\/www.oroverde.com.ar\/web\/?p=621913"},"modified":"2020-11-24T14:47:47","modified_gmt":"2020-11-24T17:47:47","slug":"fue-declarado-de-interes-municipal-el-decimo-aniversario-del-centro-integrador-comunitario-de-oro-verde","status":"publish","type":"post","link":"https:\/\/www.oroverde.com.ar\/web\/fue-declarado-de-interes-municipal-el-decimo-aniversario-del-centro-integrador-comunitario-de-oro-verde\/","title":{"rendered":"Fue declarado de Inter\u00e9s Municipal el d\u00e9cimo aniversario del Centro Integrador Comunitario de Oro Verde"},"content":{"rendered":"\n<p>La iniciativa fue presentada por la presidenta del Concejo Deliberante local, Marianela Komar, y la concejal Claudia Genolet, acompa\u00f1ado por el bloque de la Uni\u00f3n Vecinal. Sobre la aprobaci\u00f3n, la viceintendenta destac\u00f3 el acompa\u00f1amiento de todos los bloques.<\/p>\n\n\n\n<p><strong>El 10\u00ba Aniversario de creaci\u00f3n del Centro Integrador Comunitario Oro Verde que se cumpli\u00f3 el 12 de noviembre, fue declarado de inter\u00e9s municipal en la sesi\u00f3n del viernes del Honorable Concejo Deliberante.<\/strong><\/p>\n\n\n\n<p>Al respecto, la presidenta del HCD se\u00f1al\u00f3 luego de la sesi\u00f3n, <em>\u201cadem\u00e1s de la emoci\u00f3n, estoy contenta porque es un reconocimiento a todas las personas que apostamos al CIC poniendo su tiempo individual y su compromiso para construir algo diferente para todos los vecinos y vecinas de Oro Verde. Ese grupo de personas que podemos sintetizar en la figura de Claudia Genolet, hoy integrante de este Concejo, y tambi\u00e9n reconocer el apoyo constante del Municipio\u201d.<\/em><\/p>\n\n\n\n<p><strong>En los considerandos se resalta<em> \u201cque el Centro Integrador Comunitario\u00a0 forma parte indiscutible de la identidad de Oro Verde ya que en estos diez a\u00f1os de vida se ha transformado en un espacio de encuentro y de referencia para las familias, para los ni\u00f1os, ni\u00f1as, j\u00f3venes y adultos.<\/em><\/strong> <strong><em>Que desde sus inicios ha sido protagonista, y lo sigue siendo, de gran parte de la vida cultural, educativa, cient\u00edfica, art\u00edstica de nuestra comunidad\u201d.<\/em><\/strong><\/p>\n\n\n\n<p>Se recuerda tambi\u00e9n que el edificio mejor\u00f3 las instalaciones para el Centro de Salud provincial \u201cLuis A. Gianotti\u201d, posibilitando una mejora en la calidad de la atenci\u00f3n primaria de la salud en&nbsp; toda la localidad.<\/p>\n\n\n\n<p>Adem\u00e1s, se resalta su rol articulador que trasciende los l\u00edmites f\u00edsicos del edificio, confluyendo all\u00ed diversos actores de toda la comunidad, originado distintas iniciativas que buscan llegar a los m\u00e1s amplios sectores de la poblaci\u00f3n, garantizando un espacio de participaci\u00f3n y construcci\u00f3n comunitaria.<\/p>\n\n\n\n<p>En el mismo sentido, se hace eje en que se trata de una &nbsp;pol\u00edtica integral de los Estados Nacional, Provincial y Municipal, donde se propicia el fortalecimiento de espacios participativos, la promoci\u00f3n del desarrollo local y la econom\u00eda social,&nbsp; la familia como eje de la inclusi\u00f3n social.<\/p>\n","protected":false},"excerpt":{"rendered":"<p>La iniciativa fue presentada por la presidenta del Concejo Deliberante local, Marianela Komar, y la concejal Claudia Genolet, acompa\u00f1ado por el bloque de la Uni\u00f3n Vecinal. Sobre la aprobaci\u00f3n, la&#8230;<\/p>\n","protected":false},"author":7,"featured_media":621914,"comment_status":"open","ping_status":"closed","sticky":false,"template":"","format":"standard","meta":{"_eb_attr":"","footnotes":""},"categories":[18,5],"tags":[],"class_list":["post-621913","post","type-post","status-publish","format-standard","has-post-thumbnail","hentry","category-cic","category-noticias-municipales","wpcat-18-id","wpcat-5-id"],"_links":{"self":[{"href":"https:\/\/www.oroverde.com.ar\/web\/wp-json\/wp\/v2\/posts\/621913","targetHints":{"allow":["GET"]}}],"collection":[{"href":"https:\/\/www.oroverde.com.ar\/web\/wp-json\/wp\/v2\/posts"}],"about":[{"href":"https:\/\/www.oroverde.com.ar\/web\/wp-json\/wp\/v2\/types\/post"}],"author":[{"embeddable":true,"href":"https:\/\/www.oroverde.com.ar\/web\/wp-json\/wp\/v2\/users\/7"}],"replies":[{"embeddable":true,"href":"https:\/\/www.oroverde.com.ar\/web\/wp-json\/wp\/v2\/comments?post=621913"}],"version-history":[{"count":2,"href":"https:\/\/www.oroverde.com.ar\/web\/wp-json\/wp\/v2\/posts\/621913\/revisions"}],"predecessor-version":[{"id":621925,"href":"https:\/\/www.oroverde.com.ar\/web\/wp-json\/wp\/v2\/posts\/621913\/revisions\/621925"}],"wp:featuredmedia":[{"embeddable":true,"href":"https:\/\/www.oroverde.com.ar\/web\/wp-json\/wp\/v2\/media\/621914"}],"wp:attachment":[{"href":"https:\/\/www.oroverde.com.ar\/web\/wp-json\/wp\/v2\/media?parent=621913"}],"wp:term":[{"taxonomy":"category","embeddable":true,"href":"https:\/\/www.oroverde.com.ar\/web\/wp-json\/wp\/v2\/categories?post=621913"},{"taxonomy":"post_tag","embeddable":true,"href":"https:\/\/www.oroverde.com.ar\/web\/wp-json\/wp\/v2\/tags?post=621913"}],"curies":[{"name":"wp","href":"https:\/\/api.w.org\/{rel}","templated":true}]}}