{"id":621948,"date":"2020-11-25T16:11:23","date_gmt":"2020-11-25T19:11:23","guid":{"rendered":"https:\/\/www.oroverde.com.ar\/web\/?p=621948"},"modified":"2020-11-25T16:11:25","modified_gmt":"2020-11-25T19:11:25","slug":"reactivaran-los-trenes-que-unen-la-picada-y-oro-verde-con-parana","status":"publish","type":"post","link":"https:\/\/www.oroverde.com.ar\/web\/reactivaran-los-trenes-que-unen-la-picada-y-oro-verde-con-parana\/","title":{"rendered":"Reactivar\u00e1n los trenes que unen La Picada y Oro Verde con Paran\u00e1"},"content":{"rendered":"\n<p>En 2021, previo al comienzo de clases, estar\u00edan funcionando los ramales del tren que unen a Paran\u00e1 con La Picada y Oro Verde. \u00abSer\u00eda una soluci\u00f3n al grave problema que tenemos con el tr\u00e1nsito\u00bb, indic\u00f3 Glausser a\u00a0<strong>Elonce TV<\/strong>.<\/p>\n\n\n\n<p>Luego que el ministro de Transporte de la Naci\u00f3n, Mario Meoni, anuncie en la localidad de Diamante, una inversi\u00f3n para obras en puertos, terminales, y la extensi\u00f3n del servicio ferroviario, <strong>este mi\u00e9rcoles, el secretario de Transporte de la Provincia, N\u00e9stor Landra, inform\u00f3 que se reactivar\u00e1n los trenes que unen La Picada y Oro Verde con Paran\u00e1<\/strong>.<\/p>\n\n\n\n<p><strong>\u00abSe est\u00e1 llevando a cabo la renovaci\u00f3n de rieles y v\u00edas para poder llegar con el servicio a distintos puntos de la provincia, como La Picada y Oro Verde\u00bb<\/strong>, detall\u00f3 Landra a\u00a0<strong>Elonce TV.<\/strong><\/p>\n\n\n\n<p><strong>En cuanto a la fecha de finalizaci\u00f3n de las obras<\/strong> que se est\u00e1n llevando a cabo, dijo que <strong>\u00abse apunta que el a\u00f1o que viene, antes del comienzo de clases ya estar\u00edan funcionando<\/strong>\u00ab.<\/p>\n\n\n\n<p>\u00abHacen falta apeaderos que se est\u00e1n gestionando para las distintas localidades del \u00e1rea metropolitana de Paran\u00e1\u00bb, a\u00f1adi\u00f3 y explic\u00f3 que se har\u00e1n con fondos nacionales.<\/p>\n\n\n\n<p>En tanto, <strong>Alicia Glausser, referente de la Asamblea Ciudadana de Paran\u00e1, expreso que \u00ab<em>el tren de Oro Verde es el que exigimos m\u00e1s pronto, porque ser\u00eda una gran soluci\u00f3n al grave problema que tenemos en Paran\u00e1 con el transporte\u00bb.<\/em><\/strong> <strong><em>\u00abEl servicio de colectivos en Paran\u00e1 es p\u00e9simo, entonces los ciudadanos con el tren viajar\u00edan en tiempo y forma, porque al tener horarios fijos es mucho m\u00e1s simple\u00bb.<\/em><\/strong><\/p>\n\n\n\n<p><strong>Por su parte,<\/strong> <strong>otro de los representantes de la Asamblea Vecinalista denunci\u00f3 que \u00aben los colectivos urbanos no se cumple con el distanciamiento, pedimos que coloquen m\u00e1s unidades circulando<\/strong>\u00ab.<\/p>\n","protected":false},"excerpt":{"rendered":"<p>En 2021, previo al comienzo de clases, estar\u00edan funcionando los ramales del tren que unen a Paran\u00e1 con La Picada y Oro Verde. \u00abSer\u00eda una soluci\u00f3n al grave problema que&#8230;<\/p>\n","protected":false},"author":7,"featured_media":621949,"comment_status":"open","ping_status":"closed","sticky":false,"template":"","format":"standard","meta":{"_eb_attr":"","footnotes":""},"categories":[5,83],"tags":[],"class_list":["post-621948","post","type-post","status-publish","format-standard","has-post-thumbnail","hentry","category-noticias-municipales","category-seguridad-vial","wpcat-5-id","wpcat-83-id"],"_links":{"self":[{"href":"https:\/\/www.oroverde.com.ar\/web\/wp-json\/wp\/v2\/posts\/621948","targetHints":{"allow":["GET"]}}],"collection":[{"href":"https:\/\/www.oroverde.com.ar\/web\/wp-json\/wp\/v2\/posts"}],"about":[{"href":"https:\/\/www.oroverde.com.ar\/web\/wp-json\/wp\/v2\/types\/post"}],"author":[{"embeddable":true,"href":"https:\/\/www.oroverde.com.ar\/web\/wp-json\/wp\/v2\/users\/7"}],"replies":[{"embeddable":true,"href":"https:\/\/www.oroverde.com.ar\/web\/wp-json\/wp\/v2\/comments?post=621948"}],"version-history":[{"count":1,"href":"https:\/\/www.oroverde.com.ar\/web\/wp-json\/wp\/v2\/posts\/621948\/revisions"}],"predecessor-version":[{"id":621950,"href":"https:\/\/www.oroverde.com.ar\/web\/wp-json\/wp\/v2\/posts\/621948\/revisions\/621950"}],"wp:featuredmedia":[{"embeddable":true,"href":"https:\/\/www.oroverde.com.ar\/web\/wp-json\/wp\/v2\/media\/621949"}],"wp:attachment":[{"href":"https:\/\/www.oroverde.com.ar\/web\/wp-json\/wp\/v2\/media?parent=621948"}],"wp:term":[{"taxonomy":"category","embeddable":true,"href":"https:\/\/www.oroverde.com.ar\/web\/wp-json\/wp\/v2\/categories?post=621948"},{"taxonomy":"post_tag","embeddable":true,"href":"https:\/\/www.oroverde.com.ar\/web\/wp-json\/wp\/v2\/tags?post=621948"}],"curies":[{"name":"wp","href":"https:\/\/api.w.org\/{rel}","templated":true}]}}