{"id":621973,"date":"2020-11-30T20:20:06","date_gmt":"2020-11-30T23:20:06","guid":{"rendered":"https:\/\/www.oroverde.com.ar\/web\/?p=621973"},"modified":"2020-11-30T20:20:08","modified_gmt":"2020-11-30T23:20:08","slug":"extension-de-gas-natural-se-realizo-la-apertura-de-sobre-para-la-contratacion-de-mano-de-obra-y-materiales","status":"publish","type":"post","link":"https:\/\/www.oroverde.com.ar\/web\/extension-de-gas-natural-se-realizo-la-apertura-de-sobre-para-la-contratacion-de-mano-de-obra-y-materiales\/","title":{"rendered":"Extensi\u00f3n de gas natural: se realiz\u00f3 la apertura de sobre para la contrataci\u00f3n de mano de obra y materiales"},"content":{"rendered":"\n<p><strong><em>Se realiz\u00f3 este lunes a partir de las 10 hs, la apertura de sobres de la Licitaci\u00f3n P\u00fablica N\u00ba 04 para la contrataci\u00f3n de mano de obra y materiales para la realizaci\u00f3n de las obras de extensi\u00f3n de red de gas natural seg\u00fan las factibilidades otorgadas por Gas Nea S.A. Beneficiando a los vecinos de calles Los Yatay, Los Lapachos y Los Macaes, todo en una extensi\u00f3n de 170 de metros y a vecinos de calle Las Palomas (Entre Los Cha\u00f1ares y Los Jacarandaes), todo en una extensi\u00f3n de 150 metros.<\/em><\/strong><\/p>\n\n\n\n<p>El acto se realiz\u00f3 en el edificio municipal, sito en calle Los Zorzales y Los Ceibos con la presencia de un oferente. Estuvieron presentes el secretario de Gobierno Municipal, Milton Dum\u00e9 , el Jefe de \u00c1rea Contable Jos\u00e9 Luis Dum\u00e9 y la asistente contable Romina Corrales.<\/p>\n\n\n\n<p>Hubo tres oferentes para esta obra, la firma Insu \u2013 Serv S.A , la firma OIC S.A y la firma MLD Construcciones S.A. cuyo representante se encontraba en el lugar. <\/p>\n\n\n\n<p><strong>Las ofertas ser\u00e1n analizadas por la Comisi\u00f3n de Compra, posteriormente se dar\u00e1 a conocer al ganador y se formalizar\u00e1 para la contrataci\u00f3n de mano de obra y materiales para la realizaci\u00f3n de las obras de extensi\u00f3n de red de gas natural.<\/strong><\/p>\n","protected":false},"excerpt":{"rendered":"<p>Se realiz\u00f3 este lunes a partir de las 10 hs, la apertura de sobres de la Licitaci\u00f3n P\u00fablica N\u00ba 04 para la contrataci\u00f3n de mano de obra y materiales para&#8230;<\/p>\n","protected":false},"author":7,"featured_media":621974,"comment_status":"open","ping_status":"closed","sticky":false,"template":"","format":"standard","meta":{"_eb_attr":"","footnotes":""},"categories":[34,5],"tags":[],"class_list":["post-621973","post","type-post","status-publish","format-standard","has-post-thumbnail","hentry","category-licitaciones","category-noticias-municipales","wpcat-34-id","wpcat-5-id"],"_links":{"self":[{"href":"https:\/\/www.oroverde.com.ar\/web\/wp-json\/wp\/v2\/posts\/621973","targetHints":{"allow":["GET"]}}],"collection":[{"href":"https:\/\/www.oroverde.com.ar\/web\/wp-json\/wp\/v2\/posts"}],"about":[{"href":"https:\/\/www.oroverde.com.ar\/web\/wp-json\/wp\/v2\/types\/post"}],"author":[{"embeddable":true,"href":"https:\/\/www.oroverde.com.ar\/web\/wp-json\/wp\/v2\/users\/7"}],"replies":[{"embeddable":true,"href":"https:\/\/www.oroverde.com.ar\/web\/wp-json\/wp\/v2\/comments?post=621973"}],"version-history":[{"count":1,"href":"https:\/\/www.oroverde.com.ar\/web\/wp-json\/wp\/v2\/posts\/621973\/revisions"}],"predecessor-version":[{"id":621975,"href":"https:\/\/www.oroverde.com.ar\/web\/wp-json\/wp\/v2\/posts\/621973\/revisions\/621975"}],"wp:featuredmedia":[{"embeddable":true,"href":"https:\/\/www.oroverde.com.ar\/web\/wp-json\/wp\/v2\/media\/621974"}],"wp:attachment":[{"href":"https:\/\/www.oroverde.com.ar\/web\/wp-json\/wp\/v2\/media?parent=621973"}],"wp:term":[{"taxonomy":"category","embeddable":true,"href":"https:\/\/www.oroverde.com.ar\/web\/wp-json\/wp\/v2\/categories?post=621973"},{"taxonomy":"post_tag","embeddable":true,"href":"https:\/\/www.oroverde.com.ar\/web\/wp-json\/wp\/v2\/tags?post=621973"}],"curies":[{"name":"wp","href":"https:\/\/api.w.org\/{rel}","templated":true}]}}