{"id":621984,"date":"2020-12-01T16:03:41","date_gmt":"2020-12-01T19:03:41","guid":{"rendered":"https:\/\/www.oroverde.com.ar\/web\/?p=621984"},"modified":"2020-12-01T16:05:35","modified_gmt":"2020-12-01T19:05:35","slug":"abre-el-complejo-de-piletas-municipal-sin-colonia-de-vacaciones-pero-con-entrada-gratuita-para-ninos","status":"publish","type":"post","link":"https:\/\/www.oroverde.com.ar\/web\/abre-el-complejo-de-piletas-municipal-sin-colonia-de-vacaciones-pero-con-entrada-gratuita-para-ninos\/","title":{"rendered":"Abre el Complejo de Piletas Municipal sin colonia de vacaciones, pero con entrada gratuita para ni\u00f1os"},"content":{"rendered":"\n<p><strong>Comenzar\u00e1 la temporada de piletas en el Complejo Municipal de Oro Verde, el s\u00e1bado 12 de diciembre abrir\u00e1 sus puertas con un protocolo para este fin y capacidad reducida.<\/strong> <strong>Este verano no habr\u00e1 colonia de vacaciones, pero los ni\u00f1os hasta los 12 a\u00f1os residentes en la localidad podr\u00e1n disfrutar gratuitamente de las piletas de lunes a jueves. <\/strong>En cuanto a los precios de entrada general, se establecer\u00e1n por medio de una Ordenanza esta semana.<\/p>\n\n\n\n<p><strong><em>La decisi\u00f3n de que este a\u00f1o no funcione la Escuela de Nataci\u00f3n y Vida en la Naturaleza, fue tomada por el Gobierno municipal en continuo contacto con las autoridades sanitarias provinciales y otros municipios de Entre R\u00edos. \u201cSabemos que es una decisi\u00f3n dif\u00edcil, pero evaluamos la situaci\u00f3n epidemiol\u00f3gica, y es necesario para no poner en riesgo la salud de la poblaci\u00f3n en un contexto de pandemia que est\u00e1 todav\u00eda vigente, a pesar del amesetamiento de los casos\u201d, explic\u00f3 el intendente Oscar Toledo.<\/em><\/strong><\/p>\n\n\n\n<p>La raz\u00f3n primordial es que el n\u00famero de inscriptos en el caso de Oro Verde supera los 300 todos los a\u00f1os, hace imposible el distanciamiento dentro de las instalaciones en la realizaci\u00f3n de actividades, sobre todo entre los ni\u00f1os m\u00e1s peque\u00f1os.<\/p>\n\n\n\n<p>Para ofrecer una alternativa, de lunes a jueves los ni\u00f1os de 0 a 12 a\u00f1os inclusive, entrar\u00e1n de manera gratuita al Complejo de Piletas. Se est\u00e1 trabajando en la modalidad en que se implementar\u00e1 este beneficio del cual se difundir\u00e1n los detalles una vez que aprobada la ordenanza.<\/p>\n","protected":false},"excerpt":{"rendered":"<p>Comenzar\u00e1 la temporada de piletas en el Complejo Municipal de Oro Verde, el s\u00e1bado 12 de diciembre abrir\u00e1 sus puertas con un protocolo para este fin y capacidad reducida. Este&#8230;<\/p>\n","protected":false},"author":7,"featured_media":621985,"comment_status":"open","ping_status":"closed","sticky":false,"template":"","format":"standard","meta":{"_eb_attr":"","footnotes":""},"categories":[1],"tags":[],"class_list":["post-621984","post","type-post","status-publish","format-standard","has-post-thumbnail","hentry","category-noticias","wpcat-1-id"],"_links":{"self":[{"href":"https:\/\/www.oroverde.com.ar\/web\/wp-json\/wp\/v2\/posts\/621984","targetHints":{"allow":["GET"]}}],"collection":[{"href":"https:\/\/www.oroverde.com.ar\/web\/wp-json\/wp\/v2\/posts"}],"about":[{"href":"https:\/\/www.oroverde.com.ar\/web\/wp-json\/wp\/v2\/types\/post"}],"author":[{"embeddable":true,"href":"https:\/\/www.oroverde.com.ar\/web\/wp-json\/wp\/v2\/users\/7"}],"replies":[{"embeddable":true,"href":"https:\/\/www.oroverde.com.ar\/web\/wp-json\/wp\/v2\/comments?post=621984"}],"version-history":[{"count":2,"href":"https:\/\/www.oroverde.com.ar\/web\/wp-json\/wp\/v2\/posts\/621984\/revisions"}],"predecessor-version":[{"id":621987,"href":"https:\/\/www.oroverde.com.ar\/web\/wp-json\/wp\/v2\/posts\/621984\/revisions\/621987"}],"wp:featuredmedia":[{"embeddable":true,"href":"https:\/\/www.oroverde.com.ar\/web\/wp-json\/wp\/v2\/media\/621985"}],"wp:attachment":[{"href":"https:\/\/www.oroverde.com.ar\/web\/wp-json\/wp\/v2\/media?parent=621984"}],"wp:term":[{"taxonomy":"category","embeddable":true,"href":"https:\/\/www.oroverde.com.ar\/web\/wp-json\/wp\/v2\/categories?post=621984"},{"taxonomy":"post_tag","embeddable":true,"href":"https:\/\/www.oroverde.com.ar\/web\/wp-json\/wp\/v2\/tags?post=621984"}],"curies":[{"name":"wp","href":"https:\/\/api.w.org\/{rel}","templated":true}]}}