{"id":621992,"date":"2020-12-02T17:12:49","date_gmt":"2020-12-02T20:12:49","guid":{"rendered":"https:\/\/www.oroverde.com.ar\/web\/?p=621992"},"modified":"2020-12-02T19:19:56","modified_gmt":"2020-12-02T22:19:56","slug":"redes-sociales-y-cambio-climatico-en-la-segunda-charla-para-voluntarios","status":"publish","type":"post","link":"https:\/\/www.oroverde.com.ar\/web\/redes-sociales-y-cambio-climatico-en-la-segunda-charla-para-voluntarios\/","title":{"rendered":"Redes sociales y cambio clim\u00e1tico en la segunda charla para voluntarios"},"content":{"rendered":"\n<p><strong>Este mi\u00e9rcoles 2 de diciembre ser\u00e1 el segundo encuentro virtual con voluntarios para la acci\u00f3n clim\u00e1tica de toda la Argentina. Se podr\u00e1 ver en vivo a trav\u00e9s de Facebook live:  <\/strong><a rel=\"noreferrer noopener\" href=\"https:\/\/www.facebook.com\/ramcc.net\/live_videos\/?__cft__[0]=AZW23ZpsscaO0V6-orgt7UGEKZPzy-s5QXoXX5wlmkF46uMXqmucI1YEKbgJhtZ7kIxOoaZPk_UpDeUx3juwetaaLwu6IOGLQ-SDlq4xT1puVziQFjyQy8Chl26igPDvjc5Ovsf21EkmCQrSFTB5GkNNpir72DEaIPqneYZ3N6J7VaNxas-116F3tHuFaJjAULg&amp;__tn__=-UK-R\" target=\"_blank\">https:\/\/www.facebook.com\/ramcc.net\/live_videos\/<\/a>.                                               <em><strong>El tema que se abordar\u00e1 ser\u00e1 \u00bfC\u00f3mo las Redes Sociales son aliadas en la visibilizaci\u00f3n de las acciones para hacer frente al Cambio Clim\u00e1tico?<\/strong><\/em><\/p>\n\n\n\n<p><strong>En la charla se aprender\u00e1 a utilizar las herramientas de Instagram y Facebook para compartir las acciones que desde lo individual y lo colectivo se hace en la vida diaria. Ya reforzamos las acciones para hacer frente a las consecuencias del cambio clim\u00e1tico, ahora es momento de saber difundirlas. El cambio se produce cuando generamos acciones y las compartimos. Es tiempo de actuar. <\/strong><\/p>\n\n\n\n<p>La inscripci\u00f3n al voluntariado contin\u00faa y puede realizarse a trav\u00e9s del siguiente link:<em>\u00a0<\/em><a rel=\"noreferrer noopener\" href=\"https:\/\/forms.gle\/wouj3wfiebZXpgEt8?fbclid=IwAR2DuIsOe56g35morjLyjr5eEpdoQjSL8bArPp02Tyz-lwWgWp6VNu9g14s\" target=\"_blank\">https:\/\/forms.gle\/wouj3wfiebZXpgEt8<\/a><\/p>\n","protected":false},"excerpt":{"rendered":"<p>Este mi\u00e9rcoles 2 de diciembre ser\u00e1 el segundo encuentro virtual con voluntarios para la acci\u00f3n clim\u00e1tica de toda la Argentina. Se podr\u00e1 ver en vivo a trav\u00e9s de Facebook live:&#8230;<\/p>\n","protected":false},"author":7,"featured_media":621993,"comment_status":"open","ping_status":"closed","sticky":false,"template":"","format":"standard","meta":{"_eb_attr":"","footnotes":""},"categories":[6,32,1],"tags":[],"class_list":["post-621992","post","type-post","status-publish","format-standard","has-post-thumbnail","hentry","category-agenda-de-eventos","category-ambiente-saludable","category-noticias","wpcat-6-id","wpcat-32-id","wpcat-1-id"],"_links":{"self":[{"href":"https:\/\/www.oroverde.com.ar\/web\/wp-json\/wp\/v2\/posts\/621992","targetHints":{"allow":["GET"]}}],"collection":[{"href":"https:\/\/www.oroverde.com.ar\/web\/wp-json\/wp\/v2\/posts"}],"about":[{"href":"https:\/\/www.oroverde.com.ar\/web\/wp-json\/wp\/v2\/types\/post"}],"author":[{"embeddable":true,"href":"https:\/\/www.oroverde.com.ar\/web\/wp-json\/wp\/v2\/users\/7"}],"replies":[{"embeddable":true,"href":"https:\/\/www.oroverde.com.ar\/web\/wp-json\/wp\/v2\/comments?post=621992"}],"version-history":[{"count":4,"href":"https:\/\/www.oroverde.com.ar\/web\/wp-json\/wp\/v2\/posts\/621992\/revisions"}],"predecessor-version":[{"id":621998,"href":"https:\/\/www.oroverde.com.ar\/web\/wp-json\/wp\/v2\/posts\/621992\/revisions\/621998"}],"wp:featuredmedia":[{"embeddable":true,"href":"https:\/\/www.oroverde.com.ar\/web\/wp-json\/wp\/v2\/media\/621993"}],"wp:attachment":[{"href":"https:\/\/www.oroverde.com.ar\/web\/wp-json\/wp\/v2\/media?parent=621992"}],"wp:term":[{"taxonomy":"category","embeddable":true,"href":"https:\/\/www.oroverde.com.ar\/web\/wp-json\/wp\/v2\/categories?post=621992"},{"taxonomy":"post_tag","embeddable":true,"href":"https:\/\/www.oroverde.com.ar\/web\/wp-json\/wp\/v2\/tags?post=621992"}],"curies":[{"name":"wp","href":"https:\/\/api.w.org\/{rel}","templated":true}]}}