{"id":622317,"date":"2021-01-21T15:10:30","date_gmt":"2021-01-21T18:10:30","guid":{"rendered":"https:\/\/www.oroverde.com.ar\/web\/?p=622317"},"modified":"2021-01-21T15:10:32","modified_gmt":"2021-01-21T18:10:32","slug":"el-municipio-adquirio-una-nueva-central-telefonica-cambios-en-los-internos","status":"publish","type":"post","link":"https:\/\/www.oroverde.com.ar\/web\/el-municipio-adquirio-una-nueva-central-telefonica-cambios-en-los-internos\/","title":{"rendered":"El Municipio adquiri\u00f3 una nueva central telef\u00f3nica: cambios en los internos"},"content":{"rendered":"\n<p><strong>El Gobierno municipal adquiri\u00f3 una nueva central telef\u00f3nica para reemplazar el sistema existente y agilizar la atenci\u00f3n. Comenz\u00f3 la instalaci\u00f3n este martes y pueden registrarse algunos inconvenientes durante la semana. <\/strong><\/p>\n\n\n\n<p>Los n\u00fameros para comunicarse son 4975000 \/ 4975221 \/ 4975112 \/ 4975249 que pasan a ser l\u00edneas rotativas, sumando a los internos un 1 antes. Como ejemplo: el \u00e1rea de recepci\u00f3n ten\u00eda el interno 101 y ahora es el 1101.<\/p>\n\n\n\n<p>A\u00fan trabajan los t\u00e9cnicos para completar la instalaci\u00f3n, por lo que pueden surgir inconvenientes los pr\u00f3ximos d\u00edas. <\/p>\n\n\n\n<p><strong><em>Desde la semana que viene estar\u00e1 en pleno funcionamiento y los vecinos deber\u00e1n marcar los n\u00fameros 4975000 \/ 4975221 \/ 4975112 \/ 4975249, y luego tener en cuenta los nuevos internos: <\/em><\/strong><\/p>\n\n\n\n<p><strong><em>1101 \u2013 Recepci\u00f3n.<\/em><\/strong><\/p>\n\n\n\n<p><strong><em>1102 \u2013 Secretaria de Gobierno.<\/em><\/strong><\/p>\n\n\n\n<p><strong><em>1106 \u2013 Obras Privadas.<\/em><\/strong><\/p>\n\n\n\n<p><strong><em>1107 \u2013 Tr\u00e1nsito.<\/em><\/strong><\/p>\n\n\n\n<p><strong><em>1108 \u2013 Personal.<\/em><\/strong><\/p>\n\n\n\n<p><strong><em>1111- Tesorer\u00eda.<\/em><\/strong><\/p>\n\n\n\n<p><strong><em>1112- Contadur\u00eda.<\/em><\/strong><\/p>\n\n\n\n<p><strong><em>1116 \u2013 Ingresos P\u00fablicos.<\/em><\/strong><\/p>\n\n\n\n<p><strong><em>1118 \u2013 Mesa de Entrada.<\/em><\/strong><\/p>\n","protected":false},"excerpt":{"rendered":"<p>El Gobierno municipal adquiri\u00f3 una nueva central telef\u00f3nica para reemplazar el sistema existente y agilizar la atenci\u00f3n. Comenz\u00f3 la instalaci\u00f3n este martes y pueden registrarse algunos inconvenientes durante la semana&#8230;.<\/p>\n","protected":false},"author":7,"featured_media":622318,"comment_status":"open","ping_status":"closed","sticky":false,"template":"","format":"standard","meta":{"_eb_attr":"","footnotes":""},"categories":[5,75],"tags":[],"class_list":["post-622317","post","type-post","status-publish","format-standard","has-post-thumbnail","hentry","category-noticias-municipales","category-servicios-noticias-municipales","wpcat-5-id","wpcat-75-id"],"_links":{"self":[{"href":"https:\/\/www.oroverde.com.ar\/web\/wp-json\/wp\/v2\/posts\/622317","targetHints":{"allow":["GET"]}}],"collection":[{"href":"https:\/\/www.oroverde.com.ar\/web\/wp-json\/wp\/v2\/posts"}],"about":[{"href":"https:\/\/www.oroverde.com.ar\/web\/wp-json\/wp\/v2\/types\/post"}],"author":[{"embeddable":true,"href":"https:\/\/www.oroverde.com.ar\/web\/wp-json\/wp\/v2\/users\/7"}],"replies":[{"embeddable":true,"href":"https:\/\/www.oroverde.com.ar\/web\/wp-json\/wp\/v2\/comments?post=622317"}],"version-history":[{"count":1,"href":"https:\/\/www.oroverde.com.ar\/web\/wp-json\/wp\/v2\/posts\/622317\/revisions"}],"predecessor-version":[{"id":622319,"href":"https:\/\/www.oroverde.com.ar\/web\/wp-json\/wp\/v2\/posts\/622317\/revisions\/622319"}],"wp:featuredmedia":[{"embeddable":true,"href":"https:\/\/www.oroverde.com.ar\/web\/wp-json\/wp\/v2\/media\/622318"}],"wp:attachment":[{"href":"https:\/\/www.oroverde.com.ar\/web\/wp-json\/wp\/v2\/media?parent=622317"}],"wp:term":[{"taxonomy":"category","embeddable":true,"href":"https:\/\/www.oroverde.com.ar\/web\/wp-json\/wp\/v2\/categories?post=622317"},{"taxonomy":"post_tag","embeddable":true,"href":"https:\/\/www.oroverde.com.ar\/web\/wp-json\/wp\/v2\/tags?post=622317"}],"curies":[{"name":"wp","href":"https:\/\/api.w.org\/{rel}","templated":true}]}}