{"id":622328,"date":"2021-01-22T22:36:00","date_gmt":"2021-01-23T01:36:00","guid":{"rendered":"https:\/\/www.oroverde.com.ar\/web\/?p=622328"},"modified":"2021-01-24T22:39:38","modified_gmt":"2021-01-25T01:39:38","slug":"se-abrieron-los-sobres-de-la-licitacion-para-la-pavimentacion-de-calle-las-dalias","status":"publish","type":"post","link":"https:\/\/www.oroverde.com.ar\/web\/se-abrieron-los-sobres-de-la-licitacion-para-la-pavimentacion-de-calle-las-dalias\/","title":{"rendered":"Se abrieron los sobres de la licitaci\u00f3n para la pavimentaci\u00f3n de calle Las Dalias"},"content":{"rendered":"\n<p><strong><em>Esta ma\u00f1ana se abrieron los sobres de la Licitaci\u00f3n P\u00fablica N\u00ba 06 MOV\/2020 para la contrataci\u00f3n de mano de obra y materiales de la \u201cPavimentaci\u00f3n con concreto asf\u00e1ltico en caliente en 6 cm de espesor en calle Las Dalias\u201d. <\/em><\/strong>La obra tiene 160 metros lineales comprendidos entre Av. Los Cisnes y Camino de la Cuchilla y un presupuesto oficial de 1.900.000 pesos. Se presentaron dos ofertas y la Comisi\u00f3n de Compras designada se expedir\u00e1 en los pr\u00f3ximos d\u00edas.<\/p>\n\n\n\n<p><strong><em>Se trata de una obra solicitada por los vecinos y acordada con el Municipio en un trabajo de varios meses. Calle Las Dalias cuenta en este momento con piedra bas\u00e1ltica, y est\u00e1 sujeta a un mantenimiento peri\u00f3dico.<\/em><\/strong><\/p>\n\n\n\n<p>Al respecto, el intendente Oscar Toledo resalt\u00f3 \u201ces una obra que ven\u00edamos trabajando con los vecinos en Las Dalias y es el comienzo de un programa de pavimentaci\u00f3n que iremos llevando a otras calles. Tambi\u00e9n iniciaremos diferentes obras en otros barrios como los Oasis. Estamos muy contentos porque en este mes pudimos abrir los sobres de las dos empresas que se presentaron en esta licitaci\u00f3n y vamos a seguir trabajando con los vecinos por el bienestar de nuestra localidad\u201d. <strong>Las dos empresas que presentaron una oferta fueron la firma OIC S.A. y Demart\u00edn Hnos de Paulina Castro de Demart\u00edn e hijos SRL.<\/strong><\/p>\n\n\n\n<p>En el mismo sentido, Augusto Varela, vecino de esta calle afirm\u00f3, \u201cla obra se inici\u00f3 en el di\u00e1logo con el intendente el a\u00f1o pasado cuando se acerc\u00f3 y nos ofreci\u00f3 la posibilidad de realizar el asfalto y nos organizamos y despu\u00e9s de 7 u 8 meses estamos abriendo los sobres\u201d, adem\u00e1s agreg\u00f3 \u201cpara nosotros es importante el valor que le da a la cuadra y esperamos que se puedan sumar las otras calles que est\u00e1n cerca porque va a valorizar mucho el barrio\u201d.<\/p>\n\n\n\n<p>Por su parte, la viceintendenta Marianela Komar, presente en el acto, se\u00f1al\u00f3, \u201ces importante destacar el proceso, y al vecino como parte de la soluci\u00f3n, poder escuchar la demanda, pero tambi\u00e9n la decisi\u00f3n de ser part\u00edcipe. Hoy empezamos con el asfalto para llegar con los servicios a todos los vecinos, como siempre decimos\u201d.<br><strong>Durante la obra se realizar\u00e1 una recuperaci\u00f3n de la piedra mora existente para trasladarla a dep\u00f3sito o darle el destino que el Municipio considere; se efectuar\u00e1 una compactaci\u00f3n, perfilado y corte de la base calc\u00e1rea existente y un riego de imprimaci\u00f3n. Finalmente la pavimentaci\u00f3n se realizar\u00e1 en 160 metros lineales, con una calzada de 6,40 metros de ancho y la empresa adjudicataria tendr\u00e1 un plazo de un mes desde el inicio de la obra para finalizarla.<\/strong><\/p>\n","protected":false},"excerpt":{"rendered":"<p>Esta ma\u00f1ana se abrieron los sobres de la Licitaci\u00f3n P\u00fablica N\u00ba 06 MOV\/2020 para la contrataci\u00f3n de mano de obra y materiales de la \u201cPavimentaci\u00f3n con concreto asf\u00e1ltico en caliente&#8230;<\/p>\n","protected":false},"author":7,"featured_media":622329,"comment_status":"open","ping_status":"closed","sticky":false,"template":"","format":"standard","meta":{"_eb_attr":"","footnotes":""},"categories":[34,5],"tags":[],"class_list":["post-622328","post","type-post","status-publish","format-standard","has-post-thumbnail","hentry","category-licitaciones","category-noticias-municipales","wpcat-34-id","wpcat-5-id"],"_links":{"self":[{"href":"https:\/\/www.oroverde.com.ar\/web\/wp-json\/wp\/v2\/posts\/622328","targetHints":{"allow":["GET"]}}],"collection":[{"href":"https:\/\/www.oroverde.com.ar\/web\/wp-json\/wp\/v2\/posts"}],"about":[{"href":"https:\/\/www.oroverde.com.ar\/web\/wp-json\/wp\/v2\/types\/post"}],"author":[{"embeddable":true,"href":"https:\/\/www.oroverde.com.ar\/web\/wp-json\/wp\/v2\/users\/7"}],"replies":[{"embeddable":true,"href":"https:\/\/www.oroverde.com.ar\/web\/wp-json\/wp\/v2\/comments?post=622328"}],"version-history":[{"count":1,"href":"https:\/\/www.oroverde.com.ar\/web\/wp-json\/wp\/v2\/posts\/622328\/revisions"}],"predecessor-version":[{"id":622330,"href":"https:\/\/www.oroverde.com.ar\/web\/wp-json\/wp\/v2\/posts\/622328\/revisions\/622330"}],"wp:featuredmedia":[{"embeddable":true,"href":"https:\/\/www.oroverde.com.ar\/web\/wp-json\/wp\/v2\/media\/622329"}],"wp:attachment":[{"href":"https:\/\/www.oroverde.com.ar\/web\/wp-json\/wp\/v2\/media?parent=622328"}],"wp:term":[{"taxonomy":"category","embeddable":true,"href":"https:\/\/www.oroverde.com.ar\/web\/wp-json\/wp\/v2\/categories?post=622328"},{"taxonomy":"post_tag","embeddable":true,"href":"https:\/\/www.oroverde.com.ar\/web\/wp-json\/wp\/v2\/tags?post=622328"}],"curies":[{"name":"wp","href":"https:\/\/api.w.org\/{rel}","templated":true}]}}