{"id":622360,"date":"2021-01-28T13:48:18","date_gmt":"2021-01-28T16:48:18","guid":{"rendered":"https:\/\/www.oroverde.com.ar\/web\/?p=622360"},"modified":"2021-01-28T14:03:01","modified_gmt":"2021-01-28T17:03:01","slug":"renovacion-del-polideportivo-municipal-esta-listo-el-sector-de-parillas","status":"publish","type":"post","link":"https:\/\/www.oroverde.com.ar\/web\/renovacion-del-polideportivo-municipal-esta-listo-el-sector-de-parillas\/","title":{"rendered":"Renovaci\u00f3n del Polideportivo Municipal: est\u00e1 listo el sector de parrillas"},"content":{"rendered":"\n<p><strong><em>La renovaci\u00f3n y reparaci\u00f3n del Polideportivo Municipal comenz\u00f3 las \u00faltimas semanas de diciembre, tarea que realiza el personal de Parques y Paseos que hoy es responsable del espacio, cambiando el esquema de a\u00f1os anteriores. Este jueves qued\u00f3 listo para su uso el primer sector que abarca los quinchos y parrillas. Adem\u00e1s cambiaron la iluminaci\u00f3n por l\u00e1mparas Led.<\/em><\/strong><\/p>\n\n\n\n<p>Se repararon todas las parrillas y renovaron los quinchos del Polideportivo Municipal, poniendo en condiciones las instalaciones con todos los servicios para el uso de los vecinos. Con el mismo objetivo cambiaron las l\u00e1mparas existentes por luces Led que mejoran notablemente la iluminaci\u00f3n. Proseguir\u00e1n por el sector infantil que se encuentra pr\u00f3ximo a los asadores, donde se colocar\u00e1n nuevos juegos adaptados para la primera infancia. Tambi\u00e9n se renovar\u00e1n los juegos existentes pr\u00f3ximos a calle Las Golondrinas, la cancha de f\u00fatbol y cada uno de los espacios del Polideportivo para ponerlo en valor.<\/p>\n\n\n\n<p>Esta obra se enmarca en un Plan de Mejora de los espacios p\u00fablicos, que incluy\u00f3, hasta la fecha, la plazoleta \u201cBevilacqua\u201d, y \u201cLos Inmigrantes\u201d de Loma Hermosa.<\/p>\n","protected":false},"excerpt":{"rendered":"<p>La renovaci\u00f3n y reparaci\u00f3n del Polideportivo Municipal comenz\u00f3 las \u00faltimas semanas de diciembre, tarea que realiza el personal de Parques y Paseos que hoy es responsable del espacio, cambiando el&#8230;<\/p>\n","protected":false},"author":7,"featured_media":622366,"comment_status":"open","ping_status":"closed","sticky":false,"template":"","format":"standard","meta":{"_eb_attr":"","footnotes":""},"categories":[5,75],"tags":[],"class_list":["post-622360","post","type-post","status-publish","format-standard","has-post-thumbnail","hentry","category-noticias-municipales","category-servicios-noticias-municipales","wpcat-5-id","wpcat-75-id"],"_links":{"self":[{"href":"https:\/\/www.oroverde.com.ar\/web\/wp-json\/wp\/v2\/posts\/622360","targetHints":{"allow":["GET"]}}],"collection":[{"href":"https:\/\/www.oroverde.com.ar\/web\/wp-json\/wp\/v2\/posts"}],"about":[{"href":"https:\/\/www.oroverde.com.ar\/web\/wp-json\/wp\/v2\/types\/post"}],"author":[{"embeddable":true,"href":"https:\/\/www.oroverde.com.ar\/web\/wp-json\/wp\/v2\/users\/7"}],"replies":[{"embeddable":true,"href":"https:\/\/www.oroverde.com.ar\/web\/wp-json\/wp\/v2\/comments?post=622360"}],"version-history":[{"count":3,"href":"https:\/\/www.oroverde.com.ar\/web\/wp-json\/wp\/v2\/posts\/622360\/revisions"}],"predecessor-version":[{"id":622369,"href":"https:\/\/www.oroverde.com.ar\/web\/wp-json\/wp\/v2\/posts\/622360\/revisions\/622369"}],"wp:featuredmedia":[{"embeddable":true,"href":"https:\/\/www.oroverde.com.ar\/web\/wp-json\/wp\/v2\/media\/622366"}],"wp:attachment":[{"href":"https:\/\/www.oroverde.com.ar\/web\/wp-json\/wp\/v2\/media?parent=622360"}],"wp:term":[{"taxonomy":"category","embeddable":true,"href":"https:\/\/www.oroverde.com.ar\/web\/wp-json\/wp\/v2\/categories?post=622360"},{"taxonomy":"post_tag","embeddable":true,"href":"https:\/\/www.oroverde.com.ar\/web\/wp-json\/wp\/v2\/tags?post=622360"}],"curies":[{"name":"wp","href":"https:\/\/api.w.org\/{rel}","templated":true}]}}