{"id":622430,"date":"2021-02-05T17:31:49","date_gmt":"2021-02-05T20:31:49","guid":{"rendered":"https:\/\/www.oroverde.com.ar\/web\/?p=622430"},"modified":"2021-02-05T17:33:41","modified_gmt":"2021-02-05T20:33:41","slug":"cic-itinerante-nos-encontramos-en-la-esquina","status":"publish","type":"post","link":"https:\/\/www.oroverde.com.ar\/web\/cic-itinerante-nos-encontramos-en-la-esquina\/","title":{"rendered":"CIC itinerante: \u00abNos encontramos en la esquina\u00bb"},"content":{"rendered":"\n<p><strong>El Centro Integrador Comunitario presenta un c\u00famulo de actividades para febrero y marzo que recorrer\u00e1 los diferentes barrios de la ciudad. La propuesta lleva el nombre<\/strong> <strong><em>\u201cNos encontramos en la esquina\u201d,<\/em><\/strong> <strong>ser\u00e1 al aire libre y busca llegar a la infancia mediante el juego y arte. En los pr\u00f3ximos d\u00edas se anunciar\u00e1n las fechas de cada encuentro.<\/strong><\/p>\n\n\n\n<p>Cada semana se visitar\u00e1 un nuevo lugar de la ciudad acordado previamente para compartir con los ni\u00f1os de Oro Verde. <strong>El circuito recorrer\u00e1 hasta el momento el predio en la esquina de Las Palomas y calle \u00d1andubay; la plaza Malvinas Argentinas, la plaza Bevilaqua y Supremo Entrerriano, y el Play\u00f3n de Lomas de Oro Verde.<\/strong><\/p>\n\n\n\n<p>La iniciativa contemplar\u00e1 actividades al aire libre, juegos y diferentes manifestaciones art\u00edsticas participativas respetando todos los protocolos sanitarios para el contexto epidemiol\u00f3gico actual.<\/p>\n\n\n\n<p><strong>La viceintendenta, Marianela Komar<\/strong> <strong>explic\u00f3 <em>\u201cdespu\u00e9s de un a\u00f1o en que fue dif\u00edcil concretar propuestas, sobre todo para los m\u00e1s chicos, queremos ofrecer actividades pensadas para ellos, siempre respetando las restricciones y los protocolos sanitarios. La idea es que se acerquen al arte, que jueguen, acercar el CIC, que tan importante es para muchos de nosotros hace 10 a\u00f1os a los barrios<\/em>\u201d.<\/strong><\/p>\n\n\n\n<p><strong>Una vez que se complete este cronograma, los organizadores recibir\u00e1n pedidos de los vecinos para llevar la propuesta a otros barrios.<\/strong> <strong>Adem\u00e1s, comenzar\u00e1 una propuesta de pr\u00e9stamos de juguetes y juegos de mesa para que todos los elementos que hay en el Centro Integrador Comunitario puedan utilizarse en las casas.<\/strong><\/p>\n","protected":false},"excerpt":{"rendered":"<p>El Centro Integrador Comunitario presenta un c\u00famulo de actividades para febrero y marzo que recorrer\u00e1 los diferentes barrios de la ciudad. La propuesta lleva el nombre \u201cNos encontramos en la&#8230;<\/p>\n","protected":false},"author":7,"featured_media":622431,"comment_status":"open","ping_status":"closed","sticky":false,"template":"","format":"standard","meta":{"_eb_attr":"","footnotes":""},"categories":[18,1],"tags":[],"class_list":["post-622430","post","type-post","status-publish","format-standard","has-post-thumbnail","hentry","category-cic","category-noticias","wpcat-18-id","wpcat-1-id"],"_links":{"self":[{"href":"https:\/\/www.oroverde.com.ar\/web\/wp-json\/wp\/v2\/posts\/622430","targetHints":{"allow":["GET"]}}],"collection":[{"href":"https:\/\/www.oroverde.com.ar\/web\/wp-json\/wp\/v2\/posts"}],"about":[{"href":"https:\/\/www.oroverde.com.ar\/web\/wp-json\/wp\/v2\/types\/post"}],"author":[{"embeddable":true,"href":"https:\/\/www.oroverde.com.ar\/web\/wp-json\/wp\/v2\/users\/7"}],"replies":[{"embeddable":true,"href":"https:\/\/www.oroverde.com.ar\/web\/wp-json\/wp\/v2\/comments?post=622430"}],"version-history":[{"count":2,"href":"https:\/\/www.oroverde.com.ar\/web\/wp-json\/wp\/v2\/posts\/622430\/revisions"}],"predecessor-version":[{"id":622433,"href":"https:\/\/www.oroverde.com.ar\/web\/wp-json\/wp\/v2\/posts\/622430\/revisions\/622433"}],"wp:featuredmedia":[{"embeddable":true,"href":"https:\/\/www.oroverde.com.ar\/web\/wp-json\/wp\/v2\/media\/622431"}],"wp:attachment":[{"href":"https:\/\/www.oroverde.com.ar\/web\/wp-json\/wp\/v2\/media?parent=622430"}],"wp:term":[{"taxonomy":"category","embeddable":true,"href":"https:\/\/www.oroverde.com.ar\/web\/wp-json\/wp\/v2\/categories?post=622430"},{"taxonomy":"post_tag","embeddable":true,"href":"https:\/\/www.oroverde.com.ar\/web\/wp-json\/wp\/v2\/tags?post=622430"}],"curies":[{"name":"wp","href":"https:\/\/api.w.org\/{rel}","templated":true}]}}