{"id":622438,"date":"2021-02-08T14:14:51","date_gmt":"2021-02-08T17:14:51","guid":{"rendered":"https:\/\/www.oroverde.com.ar\/web\/?p=622438"},"modified":"2021-02-08T14:18:52","modified_gmt":"2021-02-08T17:18:52","slug":"reunion-de-intendentes-con-el-ministro-de-planeamiento-por-el-acueducto-area-metropolitana","status":"publish","type":"post","link":"https:\/\/www.oroverde.com.ar\/web\/reunion-de-intendentes-con-el-ministro-de-planeamiento-por-el-acueducto-area-metropolitana\/","title":{"rendered":"Reuni\u00f3n de intendentes con el ministro de Planeamiento por el acueducto \u00c1rea Metropolitana"},"content":{"rendered":"\n<p><strong>El intendente Oscar Toledo particip\u00f3 esta ma\u00f1ana de una reuni\u00f3n con sus pares del \u00c1rea Metropolitana, el ministro de Planeamiento, Infraestructura y Servicios, Marcelo Richard, por la direcci\u00f3n de Obras Sanitarias, Jorge Luis Truppiano encabezando el equipo t\u00e9cnico de esa dependencia. Participaron del encuentro, el presidente municipal de Paran\u00e1, Ad\u00e1n Bahl, el viceintendente de San Benito, Rub\u00e9n Palacios y el de Colonia Avellaneda, Ariel Weiss. El eje de la reuni\u00f3n fue informativo, y adem\u00e1s se plante\u00f3 la posibilidad de un ente que administre la prestaci\u00f3n del servicio una vez concluida la obra, y la inclusi\u00f3n de una planta distribuidora en la zona sur de Paran\u00e1 que comenzar\u00eda a funcionar antes de que est\u00e9 completo el proyecto.<\/strong><\/p>\n\n\n\n<p>Durante el encuentro en la Casa de Gobierno, tambi\u00e9n se discutieron los aspectos t\u00e9cnicos de la obra y se interiorizaron de la situaci\u00f3n actual de la red que abastece a la ciudad de Paran\u00e1.<\/p>\n\n\n\n<p>El intendente Oscar Toledo destac\u00f3, \u201cla verdad es muy importante para nosotros, porque nos juntamos todos los intendentes del \u00e1rea metropolitana con el ministro para tratar temas a futuro, sobre c\u00f3mo va a ser el manejo de la nueva planta potabilizadora y el acueducto, que van a brindar agua potable dulce a todas las localidades. Es una de muchas reuniones que tenemos por delante porque esta es una obra muy significativa para toda la regi\u00f3n y muy costosa y tenemos que estar en contacto para ver c\u00f3mo avanza la obra. Pronto se llamar\u00e1 a licitaci\u00f3n, que es una alegr\u00eda enorme porque siempre hay predisposici\u00f3n para recibirnos y hacernos part\u00edcipes del proyecto\u201d, finaliz\u00f3.<\/p>\n","protected":false},"excerpt":{"rendered":"<p>El intendente Oscar Toledo particip\u00f3 esta ma\u00f1ana de una reuni\u00f3n con sus pares del \u00c1rea Metropolitana, el ministro de Planeamiento, Infraestructura y Servicios, Marcelo Richard, por la direcci\u00f3n de Obras&#8230;<\/p>\n","protected":false},"author":7,"featured_media":622439,"comment_status":"open","ping_status":"closed","sticky":false,"template":"","format":"standard","meta":{"_eb_attr":"","footnotes":""},"categories":[36,5,33],"tags":[],"class_list":["post-622438","post","type-post","status-publish","format-standard","has-post-thumbnail","hentry","category-eventos","category-noticias-municipales","category-obras","wpcat-36-id","wpcat-5-id","wpcat-33-id"],"_links":{"self":[{"href":"https:\/\/www.oroverde.com.ar\/web\/wp-json\/wp\/v2\/posts\/622438","targetHints":{"allow":["GET"]}}],"collection":[{"href":"https:\/\/www.oroverde.com.ar\/web\/wp-json\/wp\/v2\/posts"}],"about":[{"href":"https:\/\/www.oroverde.com.ar\/web\/wp-json\/wp\/v2\/types\/post"}],"author":[{"embeddable":true,"href":"https:\/\/www.oroverde.com.ar\/web\/wp-json\/wp\/v2\/users\/7"}],"replies":[{"embeddable":true,"href":"https:\/\/www.oroverde.com.ar\/web\/wp-json\/wp\/v2\/comments?post=622438"}],"version-history":[{"count":2,"href":"https:\/\/www.oroverde.com.ar\/web\/wp-json\/wp\/v2\/posts\/622438\/revisions"}],"predecessor-version":[{"id":622444,"href":"https:\/\/www.oroverde.com.ar\/web\/wp-json\/wp\/v2\/posts\/622438\/revisions\/622444"}],"wp:featuredmedia":[{"embeddable":true,"href":"https:\/\/www.oroverde.com.ar\/web\/wp-json\/wp\/v2\/media\/622439"}],"wp:attachment":[{"href":"https:\/\/www.oroverde.com.ar\/web\/wp-json\/wp\/v2\/media?parent=622438"}],"wp:term":[{"taxonomy":"category","embeddable":true,"href":"https:\/\/www.oroverde.com.ar\/web\/wp-json\/wp\/v2\/categories?post=622438"},{"taxonomy":"post_tag","embeddable":true,"href":"https:\/\/www.oroverde.com.ar\/web\/wp-json\/wp\/v2\/tags?post=622438"}],"curies":[{"name":"wp","href":"https:\/\/api.w.org\/{rel}","templated":true}]}}