{"id":622441,"date":"2021-02-08T14:17:04","date_gmt":"2021-02-08T17:17:04","guid":{"rendered":"https:\/\/www.oroverde.com.ar\/web\/?p=622441"},"modified":"2021-02-08T14:17:06","modified_gmt":"2021-02-08T17:17:06","slug":"el-municipio-trabaja-con-funcionarios-provinciales-para-avanzar-en-el-proceso-de-modernizacion","status":"publish","type":"post","link":"https:\/\/www.oroverde.com.ar\/web\/el-municipio-trabaja-con-funcionarios-provinciales-para-avanzar-en-el-proceso-de-modernizacion\/","title":{"rendered":"El Municipio trabaja con funcionarios provinciales para avanzar en el proceso de modernizaci\u00f3n"},"content":{"rendered":"\n<p><strong>Funcionarios municipales encabezados por el secretario de Gobierno, Milton Dum\u00e9, se reunieron con el director de Gesti\u00f3n de Programas Locales, Juan Pablo Zacar\u00edas y el subsecretario de Tecnolog\u00edas para la Gesti\u00f3n y las Comunicaciones, C\u00e9sar Ra\u00fal Garc\u00eda, para asesorarse sobre las posibilidades que ofrece la Provincia en materia de modernizaci\u00f3n. De esta forma, comenzar\u00e1n un proceso conjunto con el objetivo de brindar nuevas posibilidades al vecino y agilizar la administraci\u00f3n municipal y el Concejo Deliberante.<\/strong><\/p>\n\n\n\n<p>Esta ma\u00f1ana se realiz\u00f3 una reuni\u00f3n con diferentes \u00e1reas del Municipio y funcionarios provinciales para trabajar en un proyecto de modernizaci\u00f3n de la administraci\u00f3n.<\/p>\n\n\n\n<p><strong>El Plan de Modernizaci\u00f3n que trabaja el Municipio comenz\u00f3 el a\u00f1o pasado y plantea diferentes objetivos que tienen que ver con la organizaci\u00f3n interna del Municipio, la prestaci\u00f3n de servicios a los vecinos y la posibilidad de hacer tr\u00e1mites de manera digital. La Secretar\u00eda realizar\u00eda un acompa\u00f1amiento de este proceso y aportar\u00eda soluciones concretas con las que cuenta la Provincia.<\/strong><\/p>\n","protected":false},"excerpt":{"rendered":"<p>Funcionarios municipales encabezados por el secretario de Gobierno, Milton Dum\u00e9, se reunieron con el director de Gesti\u00f3n de Programas Locales, Juan Pablo Zacar\u00edas y el subsecretario de Tecnolog\u00edas para la&#8230;<\/p>\n","protected":false},"author":7,"featured_media":622442,"comment_status":"open","ping_status":"closed","sticky":false,"template":"","format":"standard","meta":{"_eb_attr":"","footnotes":""},"categories":[5],"tags":[],"class_list":["post-622441","post","type-post","status-publish","format-standard","has-post-thumbnail","hentry","category-noticias-municipales","wpcat-5-id"],"_links":{"self":[{"href":"https:\/\/www.oroverde.com.ar\/web\/wp-json\/wp\/v2\/posts\/622441","targetHints":{"allow":["GET"]}}],"collection":[{"href":"https:\/\/www.oroverde.com.ar\/web\/wp-json\/wp\/v2\/posts"}],"about":[{"href":"https:\/\/www.oroverde.com.ar\/web\/wp-json\/wp\/v2\/types\/post"}],"author":[{"embeddable":true,"href":"https:\/\/www.oroverde.com.ar\/web\/wp-json\/wp\/v2\/users\/7"}],"replies":[{"embeddable":true,"href":"https:\/\/www.oroverde.com.ar\/web\/wp-json\/wp\/v2\/comments?post=622441"}],"version-history":[{"count":1,"href":"https:\/\/www.oroverde.com.ar\/web\/wp-json\/wp\/v2\/posts\/622441\/revisions"}],"predecessor-version":[{"id":622443,"href":"https:\/\/www.oroverde.com.ar\/web\/wp-json\/wp\/v2\/posts\/622441\/revisions\/622443"}],"wp:featuredmedia":[{"embeddable":true,"href":"https:\/\/www.oroverde.com.ar\/web\/wp-json\/wp\/v2\/media\/622442"}],"wp:attachment":[{"href":"https:\/\/www.oroverde.com.ar\/web\/wp-json\/wp\/v2\/media?parent=622441"}],"wp:term":[{"taxonomy":"category","embeddable":true,"href":"https:\/\/www.oroverde.com.ar\/web\/wp-json\/wp\/v2\/categories?post=622441"},{"taxonomy":"post_tag","embeddable":true,"href":"https:\/\/www.oroverde.com.ar\/web\/wp-json\/wp\/v2\/tags?post=622441"}],"curies":[{"name":"wp","href":"https:\/\/api.w.org\/{rel}","templated":true}]}}