{"id":622448,"date":"2021-02-09T14:12:03","date_gmt":"2021-02-09T17:12:03","guid":{"rendered":"https:\/\/www.oroverde.com.ar\/web\/?p=622448"},"modified":"2021-02-09T14:13:31","modified_gmt":"2021-02-09T17:13:31","slug":"reunion-con-las-nuevas-autoridades-de-la-facultad-de-ciencia-y-tecnologia","status":"publish","type":"post","link":"https:\/\/www.oroverde.com.ar\/web\/reunion-con-las-nuevas-autoridades-de-la-facultad-de-ciencia-y-tecnologia\/","title":{"rendered":"Reuni\u00f3n con las nuevas autoridades de la Facultad de Ciencia y Tecnolog\u00eda"},"content":{"rendered":"\n<p><strong>El intendente Oscar Toledo mantuvo este martes una reuni\u00f3n con la Decana de la Facultad de Ciencia y Tecnolog\u00eda de la UADER<\/strong> <em><strong>Daniela Dans<\/strong><\/em>, <strong>el Secretario General <\/strong><em><strong>Juan Pablo Filipuzzi<\/strong><\/em>, <strong>el de Extensi\u00f3n<\/strong> <strong><em>Ariel Yust Weber<\/em><\/strong> <strong>y el Secretario Administrativo<\/strong> <strong><em>Adri\u00e1n Leiva<\/em><\/strong>. <strong>En esta presentaci\u00f3n se delinearon pautas de trabajo conjunto para fortalecer a ambas instituciones.<\/strong><\/p>\n\n\n\n<p><strong>Durante el encuentro acordaron establecer convenios para que estudiantes de las carreras que posee la facultad, como Criminal\u00edstica<\/strong>, puedan realizar sus pasant\u00edas en el sistema de monitoreo de c\u00e1maras de seguridad, dispuesto en la comisar\u00eda local. En el mismo sentido, estudiantes de la carrera<strong> Accidentolog\u00eda Vial <\/strong>podr\u00e1n realizarlas tambi\u00e9n para fortalecer el trabajo que viene realizando la patrulla municipal y contribuir a lo que se viene proyectando sobre el transporte en la ciudad.<\/p>\n\n\n\n<p>Adem\u00e1s tambi\u00e9n se prev\u00e9 que estudiantes de la carrera en <strong>Sistema de Informaci\u00f3n<\/strong>, puedan realizar sus pasant\u00edas en el Municipio, aportando sus conocimientos para agilizar el proceso de modernizaci\u00f3n que viene llevando adelante en la administraci\u00f3n el gobierno local.<\/p>\n\n\n\n<p><strong>Al respecto, Toledo remarc\u00f3<\/strong> <em><strong>\u201crealmente estamos muy contentos de poder conocer a las nuevas autoridades de la facultad y acordar un trabajo conjunto, a trav\u00e9s de estos convenios que en breve se concretar\u00e1n y que sin dudas beneficiar\u00e1n a toda la comunidad\u201d.<\/strong><\/em><\/p>\n","protected":false},"excerpt":{"rendered":"<p>El intendente Oscar Toledo mantuvo este martes una reuni\u00f3n con la Decana de la Facultad de Ciencia y Tecnolog\u00eda de la UADER Daniela Dans, el Secretario General Juan Pablo Filipuzzi,&#8230;<\/p>\n","protected":false},"author":7,"featured_media":622449,"comment_status":"open","ping_status":"closed","sticky":false,"template":"","format":"standard","meta":{"_eb_attr":"","footnotes":""},"categories":[38,11,1,5],"tags":[],"class_list":["post-622448","post","type-post","status-publish","format-standard","has-post-thumbnail","hentry","category-convenios","category-educacion","category-noticias","category-noticias-municipales","wpcat-38-id","wpcat-11-id","wpcat-1-id","wpcat-5-id"],"_links":{"self":[{"href":"https:\/\/www.oroverde.com.ar\/web\/wp-json\/wp\/v2\/posts\/622448","targetHints":{"allow":["GET"]}}],"collection":[{"href":"https:\/\/www.oroverde.com.ar\/web\/wp-json\/wp\/v2\/posts"}],"about":[{"href":"https:\/\/www.oroverde.com.ar\/web\/wp-json\/wp\/v2\/types\/post"}],"author":[{"embeddable":true,"href":"https:\/\/www.oroverde.com.ar\/web\/wp-json\/wp\/v2\/users\/7"}],"replies":[{"embeddable":true,"href":"https:\/\/www.oroverde.com.ar\/web\/wp-json\/wp\/v2\/comments?post=622448"}],"version-history":[{"count":2,"href":"https:\/\/www.oroverde.com.ar\/web\/wp-json\/wp\/v2\/posts\/622448\/revisions"}],"predecessor-version":[{"id":622451,"href":"https:\/\/www.oroverde.com.ar\/web\/wp-json\/wp\/v2\/posts\/622448\/revisions\/622451"}],"wp:featuredmedia":[{"embeddable":true,"href":"https:\/\/www.oroverde.com.ar\/web\/wp-json\/wp\/v2\/media\/622449"}],"wp:attachment":[{"href":"https:\/\/www.oroverde.com.ar\/web\/wp-json\/wp\/v2\/media?parent=622448"}],"wp:term":[{"taxonomy":"category","embeddable":true,"href":"https:\/\/www.oroverde.com.ar\/web\/wp-json\/wp\/v2\/categories?post=622448"},{"taxonomy":"post_tag","embeddable":true,"href":"https:\/\/www.oroverde.com.ar\/web\/wp-json\/wp\/v2\/tags?post=622448"}],"curies":[{"name":"wp","href":"https:\/\/api.w.org\/{rel}","templated":true}]}}