{"id":622708,"date":"2021-03-01T15:02:22","date_gmt":"2021-03-01T18:02:22","guid":{"rendered":"https:\/\/www.oroverde.com.ar\/web\/?p=622708"},"modified":"2021-03-03T00:29:37","modified_gmt":"2021-03-03T03:29:37","slug":"transporte-publico-nuevos-horarios-nueva-frecuencia","status":"publish","type":"post","link":"https:\/\/www.oroverde.com.ar\/web\/transporte-publico-nuevos-horarios-nueva-frecuencia\/","title":{"rendered":"Transporte p\u00fablico: nuevos horarios, nueva frecuencia"},"content":{"rendered":"\n<p>La municipalidad present\u00f3 la <a href=\"https:\/\/es.scribd.com\/document\/496414445\/Nuevos-Horarios-de-Colectivos-en-Parana-Marzo#fullscreen&amp;from_embed\">nueva grilla horaria<\/a> de los colectivos. Aumentar\u00e1n las unidades y la <strong>frecuencia<\/strong> en todas las l\u00edneas. Son m\u00e1s de 1000 las <strong>unidades<\/strong> que se suman a las calles de la ciudad de Paran\u00e1 y alrededores.<\/p>\n\n\n\n<p>Autorizado el comienzo de las <strong>clases presenciales<\/strong> por el gobernador Gustavo Bordet vuelve a circular el transporte p\u00fablico con mayor normalidad continuando con los <strong>protocolos de higiene<\/strong> que involucran el uso de tapabocas y la desinfecci\u00f3n de manos.<\/p>\n\n\n\n<figure class=\"wp-block-gallery columns-2 is-cropped wp-block-gallery-1 is-layout-flex wp-block-gallery-is-layout-flex\"><ul class=\"blocks-gallery-grid\"><li class=\"blocks-gallery-item\"><figure><img fetchpriority=\"high\" decoding=\"async\" width=\"960\" height=\"640\" src=\"https:\/\/www.oroverde.com.ar\/web\/wp-content\/uploads\/2021\/03\/b18444653339085a00ef44c443308e20.jpeg\" alt=\"\" data-id=\"622709\" data-link=\"https:\/\/www.oroverde.com.ar\/web\/?attachment_id=622709\" class=\"wp-image-622709\" srcset=\"https:\/\/www.oroverde.com.ar\/web\/wp-content\/uploads\/2021\/03\/b18444653339085a00ef44c443308e20.jpeg 960w, https:\/\/www.oroverde.com.ar\/web\/wp-content\/uploads\/2021\/03\/b18444653339085a00ef44c443308e20-300x200.jpeg 300w, https:\/\/www.oroverde.com.ar\/web\/wp-content\/uploads\/2021\/03\/b18444653339085a00ef44c443308e20-150x100.jpeg 150w, https:\/\/www.oroverde.com.ar\/web\/wp-content\/uploads\/2021\/03\/b18444653339085a00ef44c443308e20-768x512.jpeg 768w, https:\/\/www.oroverde.com.ar\/web\/wp-content\/uploads\/2021\/03\/b18444653339085a00ef44c443308e20-850x567.jpeg 850w\" sizes=\"(max-width: 960px) 100vw, 960px\" \/><\/figure><\/li><li class=\"blocks-gallery-item\"><figure><img decoding=\"async\" width=\"469\" height=\"302\" src=\"https:\/\/www.oroverde.com.ar\/web\/wp-content\/uploads\/2021\/03\/7e165ff19100a49aa90c13308_7e7ffa850ee91b6d52091b9.jpg\" alt=\"\" data-id=\"622710\" data-full-url=\"https:\/\/www.oroverde.com.ar\/web\/wp-content\/uploads\/2021\/03\/7e165ff19100a49aa90c13308_7e7ffa850ee91b6d52091b9.jpg\" data-link=\"https:\/\/www.oroverde.com.ar\/web\/?attachment_id=622710\" class=\"wp-image-622710\" srcset=\"https:\/\/www.oroverde.com.ar\/web\/wp-content\/uploads\/2021\/03\/7e165ff19100a49aa90c13308_7e7ffa850ee91b6d52091b9.jpg 469w, https:\/\/www.oroverde.com.ar\/web\/wp-content\/uploads\/2021\/03\/7e165ff19100a49aa90c13308_7e7ffa850ee91b6d52091b9-300x193.jpg 300w, https:\/\/www.oroverde.com.ar\/web\/wp-content\/uploads\/2021\/03\/7e165ff19100a49aa90c13308_7e7ffa850ee91b6d52091b9-150x97.jpg 150w\" sizes=\"(max-width: 469px) 100vw, 469px\" \/><\/figure><\/li><\/ul><\/figure>\n","protected":false},"excerpt":{"rendered":"<p>La municipalidad present\u00f3 la nueva grilla horaria de los colectivos. Aumentar\u00e1n las unidades y la frecuencia en todas las l\u00edneas. Son m\u00e1s de 1000 las unidades que se suman a&#8230;<\/p>\n","protected":false},"author":7,"featured_media":622710,"comment_status":"open","ping_status":"closed","sticky":false,"template":"","format":"standard","meta":{"_eb_attr":"","footnotes":""},"categories":[80,1,13],"tags":[89,90,88],"class_list":["post-622708","post","type-post","status-publish","format-standard","has-post-thumbnail","hentry","category-covid-19","category-noticias","category-servicios","tag-oroverde","tag-parana","tag-transportepublico","wpcat-80-id","wpcat-1-id","wpcat-13-id"],"_links":{"self":[{"href":"https:\/\/www.oroverde.com.ar\/web\/wp-json\/wp\/v2\/posts\/622708","targetHints":{"allow":["GET"]}}],"collection":[{"href":"https:\/\/www.oroverde.com.ar\/web\/wp-json\/wp\/v2\/posts"}],"about":[{"href":"https:\/\/www.oroverde.com.ar\/web\/wp-json\/wp\/v2\/types\/post"}],"author":[{"embeddable":true,"href":"https:\/\/www.oroverde.com.ar\/web\/wp-json\/wp\/v2\/users\/7"}],"replies":[{"embeddable":true,"href":"https:\/\/www.oroverde.com.ar\/web\/wp-json\/wp\/v2\/comments?post=622708"}],"version-history":[{"count":2,"href":"https:\/\/www.oroverde.com.ar\/web\/wp-json\/wp\/v2\/posts\/622708\/revisions"}],"predecessor-version":[{"id":622712,"href":"https:\/\/www.oroverde.com.ar\/web\/wp-json\/wp\/v2\/posts\/622708\/revisions\/622712"}],"wp:featuredmedia":[{"embeddable":true,"href":"https:\/\/www.oroverde.com.ar\/web\/wp-json\/wp\/v2\/media\/622710"}],"wp:attachment":[{"href":"https:\/\/www.oroverde.com.ar\/web\/wp-json\/wp\/v2\/media?parent=622708"}],"wp:term":[{"taxonomy":"category","embeddable":true,"href":"https:\/\/www.oroverde.com.ar\/web\/wp-json\/wp\/v2\/categories?post=622708"},{"taxonomy":"post_tag","embeddable":true,"href":"https:\/\/www.oroverde.com.ar\/web\/wp-json\/wp\/v2\/tags?post=622708"}],"curies":[{"name":"wp","href":"https:\/\/api.w.org\/{rel}","templated":true}]}}