{"id":622965,"date":"2021-04-01T19:29:00","date_gmt":"2021-04-01T22:29:00","guid":{"rendered":"https:\/\/www.oroverde.com.ar\/web\/?p=622965"},"modified":"2021-04-01T19:29:02","modified_gmt":"2021-04-01T22:29:02","slug":"boleto-del-colectivo-regiran-desde-este-viernes-las-nuevas-tarifas","status":"publish","type":"post","link":"https:\/\/www.oroverde.com.ar\/web\/boleto-del-colectivo-regiran-desde-este-viernes-las-nuevas-tarifas\/","title":{"rendered":"Boleto del colectivo: regir\u00e1n desde este viernes las nuevas tarifas"},"content":{"rendered":"\n<p>La Municipalidad de Paran\u00e1 inform\u00f3 que desde este viernes, regir\u00e1n las nuevas tarifas del colectivo en el \u00e1rea metropolitana.\u00a0<strong>El monto del boleto general es de $45,30. As\u00ed quedar\u00e1n las diferentes categor\u00edas tras el aumento<\/strong>.<\/p>\n\n\n\n<p><strong>Desde este viernes, rigen las nuevas tarifas del transporte urbano de pasajeros. El monto del boleto general se fij\u00f3 en $45,30<\/strong>. Se mantendr\u00e1n el Boleto Estudiantil Gratuito Universal (BEGU), y los beneficios por discapacidad. La suba fue aprobada por el Honorable Concejo Deliberante mediante Ordenanza N\u00b0 9960.<br><strong>Con el aumento de la tarifa en las diferentes categor\u00edas de boletos los montos<\/strong>&nbsp;quedar\u00e1n de la siguiente manera:<\/p>\n\n\n\n<p><strong>Boleto general<\/strong>: $ 45,30<br><strong>Primario BEGU<\/strong>: &#8211;<br><strong>Secundario BEGU<\/strong>: &#8211;<br><strong>Primario AM<\/strong>: $ 4,50<br><strong>Secundario AM<\/strong>: $ 11<br><strong>Terciario\/Universitario<\/strong>: $ 14<br><strong>Obrero<\/strong>: $ 29<br><strong>Jubilado<\/strong>: $ 20<br><strong>Boleto Nocturno<\/strong>: $ 59<br><strong>Tarifa Social<\/strong>: 20,39<br><strong>Tarifa Social Nocturno<\/strong>: $ 26,55<br><strong>Tarifa Social F. Horaria<\/strong>: $ 16,20<br><strong>Franja Horaria (08:30 a 11:30)<\/strong>: $36<\/p>\n\n\n\n<p>Los tr\u00e1mites de registro y asociaci\u00f3n para el acceso a los beneficios se realizan de manera presencial en la Unidad de Gesti\u00f3n SUBE -Almafuerte 233- con turno previo.<br>Para la obtenci\u00f3n de turnos deber\u00e1 registrarse en el nuevo portal web del ciudadano Mi Paran\u00e1, con acceso directo en la p\u00e1gina web de la Municipalidad. Una vez registrado y con sus datos verificados, se debe ingresar a \u2018Mis Turnos\u2019 &#8211; \u2018Acceder\u2019 &#8211; \u2018Nuevo Turno\u2019.<\/p>\n\n\n\n<p>Obtenci\u00f3n de beneficios: Para poder sacar turnos a menores de 14 a\u00f1os, el adulto responsable puede acceder desde su cuenta a \u201cMis familiares vinculados\u201d, asociar los datos del menor en su perfil y gestionar el turno por \u00e9l.<br>Una vez solicitados todos los turnos, podr\u00e1n visualizarse en su agenda personal \u201cMis Turnos\u201d.<\/p>\n\n\n\n<h5 class=\"wp-block-heading\">Boleto universitario online<\/h5>\n\n\n\n<p>Con el nuevo portal Mi.Paran\u00e1, los estudiantes terciarios\/universitarios pueden tramitar su beneficio exclusivamente online. Deber\u00e1n registrarse, ingresar a \u2018Mi SUBE\u2019, completar el formulario, adjuntar el Certificado de Alumno Regular vigente y esperar su aprobaci\u00f3n.<\/p>\n\n\n\n<h5 class=\"wp-block-heading\">Boleto combinado: Se mantendr\u00e1 el beneficio de boleto donde, al combinar dos l\u00edneas de colectivos en menos de 60 minutos, el segundo boleto ser\u00e1 gratuito. Podr\u00e1 encontrarse la nueva grilla de combinaciones posibles para acceder a este beneficio en sube.parana.gob.ar<\/h5>\n\n\n\n<h5 class=\"wp-block-heading\">Regularizaci\u00f3n de ramales de l\u00edneas: Gracias al trabajo conjunto entre la Unidad de Gesti\u00f3n SUBE de la Municipalidad y Comisi\u00f3n Nacional de Regulaci\u00f3n del Transporte, se logr\u00f3 regularizar y reflejar en su sistema y frente a Naci\u00f3n Servicios los nombres de cada l\u00ednea, recorridos y ramales. Quedando plasmado el cambio de nombre de la ex L\u00ednea AM que pasar\u00e1 a llamarse L\u00ednea 17 y la ex L\u00ednea AN que se llamar\u00e1 L\u00ednea 22 E.<\/h5>\n\n\n\n<p>Fuente: El Once Paran\u00e1<\/p>\n","protected":false},"excerpt":{"rendered":"<p>La Municipalidad de Paran\u00e1 inform\u00f3 que desde este viernes, regir\u00e1n las nuevas tarifas del colectivo en el \u00e1rea metropolitana.\u00a0El monto del boleto general es de $45,30. As\u00ed quedar\u00e1n las diferentes&#8230;<\/p>\n","protected":false},"author":7,"featured_media":622668,"comment_status":"open","ping_status":"closed","sticky":false,"template":"","format":"standard","meta":{"_eb_attr":"","footnotes":""},"categories":[19,1,13,75],"tags":[169,101,89,88],"class_list":["post-622965","post","type-post","status-publish","format-standard","has-post-thumbnail","hentry","category-empresas","category-noticias","category-servicios","category-servicios-noticias-municipales","tag-boletogratuito","tag-noticias","tag-oroverde","tag-transportepublico","wpcat-19-id","wpcat-1-id","wpcat-13-id","wpcat-75-id"],"_links":{"self":[{"href":"https:\/\/www.oroverde.com.ar\/web\/wp-json\/wp\/v2\/posts\/622965","targetHints":{"allow":["GET"]}}],"collection":[{"href":"https:\/\/www.oroverde.com.ar\/web\/wp-json\/wp\/v2\/posts"}],"about":[{"href":"https:\/\/www.oroverde.com.ar\/web\/wp-json\/wp\/v2\/types\/post"}],"author":[{"embeddable":true,"href":"https:\/\/www.oroverde.com.ar\/web\/wp-json\/wp\/v2\/users\/7"}],"replies":[{"embeddable":true,"href":"https:\/\/www.oroverde.com.ar\/web\/wp-json\/wp\/v2\/comments?post=622965"}],"version-history":[{"count":1,"href":"https:\/\/www.oroverde.com.ar\/web\/wp-json\/wp\/v2\/posts\/622965\/revisions"}],"predecessor-version":[{"id":622966,"href":"https:\/\/www.oroverde.com.ar\/web\/wp-json\/wp\/v2\/posts\/622965\/revisions\/622966"}],"wp:featuredmedia":[{"embeddable":true,"href":"https:\/\/www.oroverde.com.ar\/web\/wp-json\/wp\/v2\/media\/622668"}],"wp:attachment":[{"href":"https:\/\/www.oroverde.com.ar\/web\/wp-json\/wp\/v2\/media?parent=622965"}],"wp:term":[{"taxonomy":"category","embeddable":true,"href":"https:\/\/www.oroverde.com.ar\/web\/wp-json\/wp\/v2\/categories?post=622965"},{"taxonomy":"post_tag","embeddable":true,"href":"https:\/\/www.oroverde.com.ar\/web\/wp-json\/wp\/v2\/tags?post=622965"}],"curies":[{"name":"wp","href":"https:\/\/api.w.org\/{rel}","templated":true}]}}