{"id":623040,"date":"2021-04-16T21:09:27","date_gmt":"2021-04-17T00:09:27","guid":{"rendered":"https:\/\/www.oroverde.com.ar\/web\/?p=623040"},"modified":"2021-04-16T21:09:29","modified_gmt":"2021-04-17T00:09:29","slug":"cambia-el-recorrido-de-la-linea-6","status":"publish","type":"post","link":"https:\/\/www.oroverde.com.ar\/web\/cambia-el-recorrido-de-la-linea-6\/","title":{"rendered":"Cambia el recorrido de la l\u00ednea 6"},"content":{"rendered":"\n<p>El intendente Oscar Toledo, acompa\u00f1ado por el jefe de Inspecciones, C\u00e9sar Clement, se reuni\u00f3 con el Jefe de Tr\u00e1fico de ERSA, Sergio Cabrol, y Sergio Groh, secretario de Asuntos Gremiales de UTA, junto a otros miembros de la Uni\u00f3n. Hablaron acerca del estado del transporte urbano de pasajeros, y entre otras cosas, les solicit\u00f3 el cambio de recorrido de la L\u00ednea 6, que fue aceptado. Las l\u00edneas 12, AM y 15 conservar\u00e1n su recorrido habitual.<\/p>\n\n\n\n<p>Desde el Municipio, explicaron que el cambio se debe a \u201cla necesidad de descomprimir en parte el tr\u00e1nsito por Los Jacarand\u00e1es, y acercar el servicio a los vecinos que residen en el lado oeste de la ciudad, que lo han solicitado en diferentes oportunidades. Tambi\u00e9n es importante destacar que pasar\u00e1 por el Centro de Jubilados, Polideportivo, Centro de Salud y el Centro Integrador Comunitario\u201d. Estos cambios se implementar\u00e1n desde el mi\u00e9rcoles 21 de abril. El recorrido de la l\u00ednea 6 desde las Facultades ir\u00e1 por Intendente del Castillo, tomar\u00e1 Los Sauces hasta Las Golondrinas, y de all\u00ed hasta Los Cha\u00f1ares. Se incorporar\u00e1n nuevas paradas que ser\u00e1n demarcadas al comienzo de la semana, y se trasladar\u00e1n las garitas. Quedar\u00e1n eliminadas las paradas de la l\u00ednea 6 en Los Jilgueros, Los Jacarand\u00e1es, y la que est\u00e1 sobre la ruta, en las cercan\u00edas de la Comisar\u00eda. Esta \u00faltima estar\u00e1 en Intendente del Castillo y Los Cha\u00f1ares. Cabe resaltar que estos cambios forman parte del plan de ordenamiento en materia de tr\u00e1nsito y circulaci\u00f3n que ya est\u00e1 en marcha, y que las l\u00edneas 12, AM y 15 se mantendr\u00e1n como hasta ahora.<\/p>\n\n\n\n<p>Fuente: Municipio de Oro Verde<\/p>\n","protected":false},"excerpt":{"rendered":"<p>El intendente Oscar Toledo, acompa\u00f1ado por el jefe de Inspecciones, C\u00e9sar Clement, se reuni\u00f3 con el Jefe de Tr\u00e1fico de ERSA, Sergio Cabrol, y Sergio Groh, secretario de Asuntos Gremiales&#8230;<\/p>\n","protected":false},"author":7,"featured_media":623041,"comment_status":"open","ping_status":"closed","sticky":false,"template":"","format":"standard","meta":{"_eb_attr":"","footnotes":""},"categories":[19,12,1,5],"tags":[],"class_list":["post-623040","post","type-post","status-publish","format-standard","has-post-thumbnail","hentry","category-empresas","category-instituciones","category-noticias","category-noticias-municipales","wpcat-19-id","wpcat-12-id","wpcat-1-id","wpcat-5-id"],"_links":{"self":[{"href":"https:\/\/www.oroverde.com.ar\/web\/wp-json\/wp\/v2\/posts\/623040","targetHints":{"allow":["GET"]}}],"collection":[{"href":"https:\/\/www.oroverde.com.ar\/web\/wp-json\/wp\/v2\/posts"}],"about":[{"href":"https:\/\/www.oroverde.com.ar\/web\/wp-json\/wp\/v2\/types\/post"}],"author":[{"embeddable":true,"href":"https:\/\/www.oroverde.com.ar\/web\/wp-json\/wp\/v2\/users\/7"}],"replies":[{"embeddable":true,"href":"https:\/\/www.oroverde.com.ar\/web\/wp-json\/wp\/v2\/comments?post=623040"}],"version-history":[{"count":1,"href":"https:\/\/www.oroverde.com.ar\/web\/wp-json\/wp\/v2\/posts\/623040\/revisions"}],"predecessor-version":[{"id":623042,"href":"https:\/\/www.oroverde.com.ar\/web\/wp-json\/wp\/v2\/posts\/623040\/revisions\/623042"}],"wp:featuredmedia":[{"embeddable":true,"href":"https:\/\/www.oroverde.com.ar\/web\/wp-json\/wp\/v2\/media\/623041"}],"wp:attachment":[{"href":"https:\/\/www.oroverde.com.ar\/web\/wp-json\/wp\/v2\/media?parent=623040"}],"wp:term":[{"taxonomy":"category","embeddable":true,"href":"https:\/\/www.oroverde.com.ar\/web\/wp-json\/wp\/v2\/categories?post=623040"},{"taxonomy":"post_tag","embeddable":true,"href":"https:\/\/www.oroverde.com.ar\/web\/wp-json\/wp\/v2\/tags?post=623040"}],"curies":[{"name":"wp","href":"https:\/\/api.w.org\/{rel}","templated":true}]}}