{"id":623200,"date":"2021-05-14T17:27:12","date_gmt":"2021-05-14T20:27:12","guid":{"rendered":"https:\/\/www.oroverde.com.ar\/web\/?p=623200"},"modified":"2021-05-14T17:27:14","modified_gmt":"2021-05-14T20:27:14","slug":"el-presidente-municipal-oscar-toledo-firmo-un-convenio-con-la-uader-por-el-uso-del-campo-deportivo-de-alberdi","status":"publish","type":"post","link":"https:\/\/www.oroverde.com.ar\/web\/el-presidente-municipal-oscar-toledo-firmo-un-convenio-con-la-uader-por-el-uso-del-campo-deportivo-de-alberdi\/","title":{"rendered":"El presidente municipal Oscar Toledo firm\u00f3 un convenio con la UADER por el uso del campo deportivo de Alberdi"},"content":{"rendered":"\n<p>El convenio permitir\u00e1 el uso del campo de deportes de la Escuela \u201cJuan B. Alberdi\u201d. Fue rubricado por la decana de la Facultad de Humanidades, Artes y Ciencias Sociales, Mg. Mar\u00eda Gracia Benedetti, el vicedecano, Lic. Daniel Richar y el intendente Oscar Toledo esta ma\u00f1ana en la sede ubicada en Corrientes y Andr\u00e9s Pazos de la capital entrerriana. El Municipio ser\u00e1 quien autorice la utilizaci\u00f3n de los espacios, con previo aviso a las disciplinas deportivas que as\u00ed lo soliciten. El acuerdo firmado esta ma\u00f1ana cede para uso del Municipio y de quien \u00e9ste autorice, la cancha de f\u00fatbol, la cancha de pelota-paleta, los ba\u00f1os y dependencias necesarias para la pr\u00e1ctica de estos deportes de lunes, mi\u00e9rcoles y viernes desde las 19:00 a las 22:30 horas. f\u00fatbol, y viernes y s\u00e1bados de 14:00 a 17.30 horas en el caso de la cancha de front\u00f3n. Como contraprestaci\u00f3n, el Municipio realizar\u00e1 el desmalezado y el mantenimiento de las instalaciones, colocar\u00e1 cestos para residuos y continuar\u00e1 reparando las calles internas de la instituci\u00f3n.<\/p>\n\n\n\n<p>El intendente Oscar Toledo manifest\u00f3 acerca de la reuni\u00f3n y el convenio \u201cadem\u00e1s de este acuerdo, que beneficiar\u00e1 a las disciplinas deportivas de nuestras localidad, conversamos acerca de obras que necesita la Escuela, del uso de que los vecinos le dan el fin de semana y tambi\u00e9n de la conservaci\u00f3n hist\u00f3rica del lugar. Nos pusimos a disposici\u00f3n como siempre hacemos para trabajar en conjunto en lo que haga falta\u201d.<\/p>\n\n\n\n<p>Fuente: Municipio de Oro Verde<\/p>\n","protected":false},"excerpt":{"rendered":"<p>El convenio permitir\u00e1 el uso del campo de deportes de la Escuela \u201cJuan B. Alberdi\u201d. Fue rubricado por la decana de la Facultad de Humanidades, Artes y Ciencias Sociales, Mg&#8230;.<\/p>\n","protected":false},"author":7,"featured_media":623201,"comment_status":"open","ping_status":"closed","sticky":false,"template":"","format":"standard","meta":{"_eb_attr":"","footnotes":""},"categories":[38,15,31,11,37,5],"tags":[],"class_list":["post-623200","post","type-post","status-publish","format-standard","has-post-thumbnail","hentry","category-convenios","category-deportes","category-deportes-noticias","category-educacion","category-equipamiento","category-noticias-municipales","wpcat-38-id","wpcat-15-id","wpcat-31-id","wpcat-11-id","wpcat-37-id","wpcat-5-id"],"_links":{"self":[{"href":"https:\/\/www.oroverde.com.ar\/web\/wp-json\/wp\/v2\/posts\/623200","targetHints":{"allow":["GET"]}}],"collection":[{"href":"https:\/\/www.oroverde.com.ar\/web\/wp-json\/wp\/v2\/posts"}],"about":[{"href":"https:\/\/www.oroverde.com.ar\/web\/wp-json\/wp\/v2\/types\/post"}],"author":[{"embeddable":true,"href":"https:\/\/www.oroverde.com.ar\/web\/wp-json\/wp\/v2\/users\/7"}],"replies":[{"embeddable":true,"href":"https:\/\/www.oroverde.com.ar\/web\/wp-json\/wp\/v2\/comments?post=623200"}],"version-history":[{"count":1,"href":"https:\/\/www.oroverde.com.ar\/web\/wp-json\/wp\/v2\/posts\/623200\/revisions"}],"predecessor-version":[{"id":623202,"href":"https:\/\/www.oroverde.com.ar\/web\/wp-json\/wp\/v2\/posts\/623200\/revisions\/623202"}],"wp:featuredmedia":[{"embeddable":true,"href":"https:\/\/www.oroverde.com.ar\/web\/wp-json\/wp\/v2\/media\/623201"}],"wp:attachment":[{"href":"https:\/\/www.oroverde.com.ar\/web\/wp-json\/wp\/v2\/media?parent=623200"}],"wp:term":[{"taxonomy":"category","embeddable":true,"href":"https:\/\/www.oroverde.com.ar\/web\/wp-json\/wp\/v2\/categories?post=623200"},{"taxonomy":"post_tag","embeddable":true,"href":"https:\/\/www.oroverde.com.ar\/web\/wp-json\/wp\/v2\/tags?post=623200"}],"curies":[{"name":"wp","href":"https:\/\/api.w.org\/{rel}","templated":true}]}}