{"id":624350,"date":"2021-10-22T15:50:16","date_gmt":"2021-10-22T18:50:16","guid":{"rendered":"https:\/\/www.oroverde.com.ar\/web\/?p=624350"},"modified":"2021-10-22T15:50:18","modified_gmt":"2021-10-22T18:50:18","slug":"continuan-trabajando-en-calle-los-teros","status":"publish","type":"post","link":"https:\/\/www.oroverde.com.ar\/web\/continuan-trabajando-en-calle-los-teros\/","title":{"rendered":"Contin\u00faan trabajando en calle Los Teros"},"content":{"rendered":"\n<p>Este viernes se volc\u00f3 hormig\u00f3n en un nuevo tramo de cord\u00f3n cuneta de calle Los Teros, entre los Quebrachos y Los Alerces, en Lomas de Oro Verde. Esta obra se realiza en el marco de un plan de mejora de la trama vial y desag\u00fces del barrio. Una vez finalizada la construcci\u00f3n del cord\u00f3n que llevar\u00e1 aproximadamente 15 d\u00edas, colocar\u00e1n piedra mora y se reparar\u00e1n las entradas de veh\u00edculos a los vecinos que contaban con ellas.<\/p>\n\n\n\n<p>En este sentido el intendente Oscar Toledo, quien recorri\u00f3 la obra, explic\u00f3 \u201cesta es una obra afrontada con presupuesto municipal, donde llevamos invertidos aproximadamente 1.830.000 pesos por fuera de la mano de obra. Se trata de 180 metros, de cord\u00f3n cuneta de ambos lados y tambi\u00e9n de desmonte. Es una obra muy solicitada por los vecinos de nuestra zona, as\u00ed que estamos felices de que en los pr\u00f3ximos d\u00edas ya la estaremos culminando\u201d.<\/p>\n","protected":false},"excerpt":{"rendered":"<p>Este viernes se volc\u00f3 hormig\u00f3n en un nuevo tramo de cord\u00f3n cuneta de calle Los Teros, entre los Quebrachos y Los Alerces, en Lomas de Oro Verde. Esta obra se&#8230;<\/p>\n","protected":false},"author":6,"featured_media":621082,"comment_status":"open","ping_status":"closed","sticky":false,"template":"","format":"standard","meta":{"_eb_attr":"","footnotes":""},"categories":[6,193],"tags":[],"class_list":["post-624350","post","type-post","status-publish","format-standard","has-post-thumbnail","hentry","category-agenda-de-eventos","category-destacadas","wpcat-6-id","wpcat-193-id"],"_links":{"self":[{"href":"https:\/\/www.oroverde.com.ar\/web\/wp-json\/wp\/v2\/posts\/624350","targetHints":{"allow":["GET"]}}],"collection":[{"href":"https:\/\/www.oroverde.com.ar\/web\/wp-json\/wp\/v2\/posts"}],"about":[{"href":"https:\/\/www.oroverde.com.ar\/web\/wp-json\/wp\/v2\/types\/post"}],"author":[{"embeddable":true,"href":"https:\/\/www.oroverde.com.ar\/web\/wp-json\/wp\/v2\/users\/6"}],"replies":[{"embeddable":true,"href":"https:\/\/www.oroverde.com.ar\/web\/wp-json\/wp\/v2\/comments?post=624350"}],"version-history":[{"count":1,"href":"https:\/\/www.oroverde.com.ar\/web\/wp-json\/wp\/v2\/posts\/624350\/revisions"}],"predecessor-version":[{"id":624351,"href":"https:\/\/www.oroverde.com.ar\/web\/wp-json\/wp\/v2\/posts\/624350\/revisions\/624351"}],"wp:featuredmedia":[{"embeddable":true,"href":"https:\/\/www.oroverde.com.ar\/web\/wp-json\/wp\/v2\/media\/621082"}],"wp:attachment":[{"href":"https:\/\/www.oroverde.com.ar\/web\/wp-json\/wp\/v2\/media?parent=624350"}],"wp:term":[{"taxonomy":"category","embeddable":true,"href":"https:\/\/www.oroverde.com.ar\/web\/wp-json\/wp\/v2\/categories?post=624350"},{"taxonomy":"post_tag","embeddable":true,"href":"https:\/\/www.oroverde.com.ar\/web\/wp-json\/wp\/v2\/tags?post=624350"}],"curies":[{"name":"wp","href":"https:\/\/api.w.org\/{rel}","templated":true}]}}