{"id":624667,"date":"2022-02-22T12:12:28","date_gmt":"2022-02-22T15:12:28","guid":{"rendered":"https:\/\/www.oroverde.com.ar\/web\/?p=624667"},"modified":"2022-02-22T12:12:31","modified_gmt":"2022-02-22T15:12:31","slug":"marzo-mes-de-la-mujer","status":"publish","type":"post","link":"https:\/\/www.oroverde.com.ar\/web\/marzo-mes-de-la-mujer\/","title":{"rendered":"Marzo: mes de la mujer"},"content":{"rendered":"\n<p class=\"wp-block-paragraph\">Agenda de actividades:<br>Se conform\u00f3 para el mes de marzo una agenda de las actividades que incluyen propuestas culturales, art\u00edsticas, deportivas y vinculadas a la salud, donde el eje principal es la visibilizaci\u00f3n de las mujeres, la desigualdad y violencia de g\u00e9nero.<br>Fueron articuladas entre las \u00e1reas de Cultura, Desarrollo Social y Deportes.<br>Detallamos el calendario del pr\u00f3ximo mes:<br>-9 de marzo: Inauguraci\u00f3n de la muestra \u201cVersificadas\u201d acompa\u00f1ada de la apertura de la Sala contra la violencia de g\u00e9nero. Hora: 20:00<br>Lugar: Museo Conrado Hasenauer<br>-10 de marzo: Charla sobre violencia obst\u00e9trica. Hora: 20:00 Lugar: Centro Integrador Comunitario<br>-11 de marzo: Espect\u00e1culo musical \u201cSuena a mujeres\u201d Hora: 21:00 Lugar: Paseo de los Trenes.<br>-12 de marzo: marat\u00f3n de la Mujer Hora: 17:00 Lugar de largada: Los Tordos y Los Sauces, frente al Museo Conrado Hasenauer.<br>-14 de marzo: Charlas sobre violencia de g\u00e9nero. Hora: a confirmar<br>Lugar: Museo Conrado Hasenauer<br>-17 de marzo: Cine debate sobre violencia laboral. Hora: 20:00 Lugar: Museo Conrado Hasenauer<br>-25 de marzo: Caminata \u201cMujeres en movimiento\u201d Hora: 8:00 Lugar de salida: Centro Integrador Comunitario.<br>-26 de marzo: Recital por 30 mil razones. Hora: 21:00 Lugar: Paseo de los Trenes<\/p>\n","protected":false},"excerpt":{"rendered":"<p>Agenda de actividades:Se conform\u00f3 para el mes de marzo una agenda de las actividades que incluyen propuestas culturales, art\u00edsticas, deportivas y vinculadas a la salud, donde el eje principal es la visibilizaci\u00f3n de las mujeres, la desigualdad y violencia de g\u00e9nero.Fueron articuladas entre las \u00e1reas de Cultura, Desarrollo Social y Deportes.Detallamos el calendario del pr\u00f3ximo [&hellip;]<\/p>\n","protected":false},"author":6,"featured_media":624668,"comment_status":"open","ping_status":"closed","sticky":false,"template":"","format":"standard","meta":{"_eb_attr":"","footnotes":""},"categories":[6,21,4,12,1,5],"tags":[],"class_list":["post-624667","post","type-post","status-publish","format-standard","has-post-thumbnail","hentry","category-agenda-de-eventos","category-breves","category-historias-de-vida","category-instituciones","category-noticias","category-noticias-municipales"],"_links":{"self":[{"href":"https:\/\/www.oroverde.com.ar\/web\/wp-json\/wp\/v2\/posts\/624667","targetHints":{"allow":["GET"]}}],"collection":[{"href":"https:\/\/www.oroverde.com.ar\/web\/wp-json\/wp\/v2\/posts"}],"about":[{"href":"https:\/\/www.oroverde.com.ar\/web\/wp-json\/wp\/v2\/types\/post"}],"author":[{"embeddable":true,"href":"https:\/\/www.oroverde.com.ar\/web\/wp-json\/wp\/v2\/users\/6"}],"replies":[{"embeddable":true,"href":"https:\/\/www.oroverde.com.ar\/web\/wp-json\/wp\/v2\/comments?post=624667"}],"version-history":[{"count":1,"href":"https:\/\/www.oroverde.com.ar\/web\/wp-json\/wp\/v2\/posts\/624667\/revisions"}],"predecessor-version":[{"id":624669,"href":"https:\/\/www.oroverde.com.ar\/web\/wp-json\/wp\/v2\/posts\/624667\/revisions\/624669"}],"wp:featuredmedia":[{"embeddable":true,"href":"https:\/\/www.oroverde.com.ar\/web\/wp-json\/wp\/v2\/media\/624668"}],"wp:attachment":[{"href":"https:\/\/www.oroverde.com.ar\/web\/wp-json\/wp\/v2\/media?parent=624667"}],"wp:term":[{"taxonomy":"category","embeddable":true,"href":"https:\/\/www.oroverde.com.ar\/web\/wp-json\/wp\/v2\/categories?post=624667"},{"taxonomy":"post_tag","embeddable":true,"href":"https:\/\/www.oroverde.com.ar\/web\/wp-json\/wp\/v2\/tags?post=624667"}],"curies":[{"name":"wp","href":"https:\/\/api.w.org\/{rel}","templated":true}]}}