{"id":625065,"date":"2022-07-14T18:31:35","date_gmt":"2022-07-14T21:31:35","guid":{"rendered":"https:\/\/www.oroverde.com.ar\/web\/?p=625065"},"modified":"2022-07-14T18:31:37","modified_gmt":"2022-07-14T21:31:37","slug":"la-camara-de-diputados-declaro-de-interes-legislativo-la-fiesta-del-locro","status":"publish","type":"post","link":"https:\/\/www.oroverde.com.ar\/web\/la-camara-de-diputados-declaro-de-interes-legislativo-la-fiesta-del-locro\/","title":{"rendered":"La C\u00e1mara de Diputados declar\u00f3 de Inter\u00e9s Legislativo la Fiesta del Locro"},"content":{"rendered":"\n<p>Por iniciativa de la diputada Stefan\u00eda Cora, la C\u00e1mara de Diputados de la Provincia de Entre R\u00edos declar\u00f3 de Inter\u00e9s Legislativo la Fiesta Regional del Locro que se realizar\u00e1 en nuestra localidad este 24 de julio.<\/p>\n\n\n\n<p>En los fundamentos del proyecto, se explica que \u201cla Fiesta Regional del Locro naci\u00f3 como un mix entre su perfil gastron\u00f3mico y la m\u00fasica del litoral. Es una fiesta reciente que comenz\u00f3 su recorrido en 2016 con una peque\u00f1a prueba que puso de manifiesto el compromiso del Municipio y las instituciones locales para avanzar en un camino que le permitiera a este evento crecer\u201d.<\/p>\n\n\n\n<p>Tambi\u00e9n se resalta el aspecto econ\u00f3mico para Oro Verde, ya que se trata de una fiesta popular que permite a diversas instituciones locales obtener recursos para solventar parte de sus actividades durante el a\u00f1o. La iniciativa fue aprobada en la sesi\u00f3n del 6 de julio.<\/p>\n","protected":false},"excerpt":{"rendered":"<p>Por iniciativa de la diputada Stefan\u00eda Cora, la C\u00e1mara de Diputados de la Provincia de Entre R\u00edos declar\u00f3 de Inter\u00e9s Legislativo la Fiesta Regional del Locro que se realizar\u00e1 en&#8230;<\/p>\n","protected":false},"author":1,"featured_media":625061,"comment_status":"open","ping_status":"closed","sticky":false,"template":"","format":"standard","meta":{"_eb_attr":"","footnotes":""},"categories":[5],"tags":[],"class_list":["post-625065","post","type-post","status-publish","format-standard","has-post-thumbnail","hentry","category-noticias-municipales","wpcat-5-id"],"_links":{"self":[{"href":"https:\/\/www.oroverde.com.ar\/web\/wp-json\/wp\/v2\/posts\/625065","targetHints":{"allow":["GET"]}}],"collection":[{"href":"https:\/\/www.oroverde.com.ar\/web\/wp-json\/wp\/v2\/posts"}],"about":[{"href":"https:\/\/www.oroverde.com.ar\/web\/wp-json\/wp\/v2\/types\/post"}],"author":[{"embeddable":true,"href":"https:\/\/www.oroverde.com.ar\/web\/wp-json\/wp\/v2\/users\/1"}],"replies":[{"embeddable":true,"href":"https:\/\/www.oroverde.com.ar\/web\/wp-json\/wp\/v2\/comments?post=625065"}],"version-history":[{"count":1,"href":"https:\/\/www.oroverde.com.ar\/web\/wp-json\/wp\/v2\/posts\/625065\/revisions"}],"predecessor-version":[{"id":625066,"href":"https:\/\/www.oroverde.com.ar\/web\/wp-json\/wp\/v2\/posts\/625065\/revisions\/625066"}],"wp:featuredmedia":[{"embeddable":true,"href":"https:\/\/www.oroverde.com.ar\/web\/wp-json\/wp\/v2\/media\/625061"}],"wp:attachment":[{"href":"https:\/\/www.oroverde.com.ar\/web\/wp-json\/wp\/v2\/media?parent=625065"}],"wp:term":[{"taxonomy":"category","embeddable":true,"href":"https:\/\/www.oroverde.com.ar\/web\/wp-json\/wp\/v2\/categories?post=625065"},{"taxonomy":"post_tag","embeddable":true,"href":"https:\/\/www.oroverde.com.ar\/web\/wp-json\/wp\/v2\/tags?post=625065"}],"curies":[{"name":"wp","href":"https:\/\/api.w.org\/{rel}","templated":true}]}}