{"id":625195,"date":"2022-08-13T11:21:47","date_gmt":"2022-08-13T14:21:47","guid":{"rendered":"https:\/\/www.oroverde.com.ar\/web\/?p=625195"},"modified":"2022-08-13T11:21:49","modified_gmt":"2022-08-13T14:21:49","slug":"se-inauguro-la-zona-de-crianza-comunitaria-de-oro-verde","status":"publish","type":"post","link":"https:\/\/www.oroverde.com.ar\/web\/se-inauguro-la-zona-de-crianza-comunitaria-de-oro-verde\/","title":{"rendered":"Se inaugur\u00f3 la zona de crianza comunitaria de Oro Verde"},"content":{"rendered":"\n<p>Qued\u00f3 inaugurada este mi\u00e9rcoles la Zona de Crianza Comunitaria de Oro Verde, que funcionar\u00e1 los d\u00edas martes, mi\u00e9rcoles y jueves en el aula del Centro Integrador Comunitario (Los Cha\u00f1ares 397). El acto de inauguraci\u00f3n cont\u00f3 con la presencia el subsecretario de Derechos para la Ni\u00f1ez, Adolescencia y Familia (Senaf), Mariano Luongo;  la Coordinadora del Programa Nacional Primeros A\u00f1os, Diana Olgu\u00edn, junto a Gabriel Leconte, presidente del Consejo Provincial del Ni\u00f1o, el Adolescente y la Familia (Copnaf), entre otros funcionarios. El intendente Oscar Toledo y la viceintendenta, Marianela Komar fueron los anfitriones, junto al equipo de trabajo de Primeros A\u00f1os en la localidad y colaboradores del CIC. Tambi\u00e9n particip\u00f3 el intendente de Aldea Brasilera, Hugo Ram\u00edrez.<\/p>\n\n\n\n<p>Qu\u00e9 es esta Zona de Crianza Comunitaria Desde el Programa Nacional Primeros A\u00f1os, se fortalecen en sus pr\u00e1cticas de crianza a las familias con beb\u00e9s, ni\u00f1as y ni\u00f1os de 0 a 4 a\u00f1os y a personas gestantes en situaci\u00f3n de vulnerabilidad social, a trav\u00e9s del acompa\u00f1amiento y de experiencias compartidas en espacios comunitarios que promueven el desarrollo infantil integral. En el marco de estas acciones de acompa\u00f1amiento a las familias se articular\u00e1n pol\u00edticas para la primera infancia, sosteniendo los espacios y talleres, que ya se vienen desarrollando en el CIC desde el Programa.<\/p>\n\n\n\n<p>La ZCC es la tercera de este tipo que se pondr\u00e1 en marcha en la provincia de Entre R\u00edos. La misma contar\u00e1 con el equipo t\u00e9cnico provincial y equipo de facilitadores del Programa Primeros A\u00f1os, que son quienes llevan actualmente adelante Semillitas de Oro, el taller para Embarazadas y el espacio de Brotecitos, junto a referentes del Centro de Salud de la localidad. Se sumar\u00e1 la implementaci\u00f3n y coordinaci\u00f3n interinstitucional de planes nacional de acompa\u00f1amiento a la primera infancia.La Zona ser\u00e1 de car\u00e1cter regional y abarca, entre otras localidades Aldea Salto, Colonia Ensayo, Aldea Brasilera y Tezanos Pinto, con quienes se podr\u00e1 coordinar diferentes actividades.<\/p>\n","protected":false},"excerpt":{"rendered":"<p>Qued\u00f3 inaugurada este mi\u00e9rcoles la Zona de Crianza Comunitaria de Oro Verde, que funcionar\u00e1 los d\u00edas martes, mi\u00e9rcoles y jueves en el aula del Centro Integrador Comunitario (Los Cha\u00f1ares 397)&#8230;.<\/p>\n","protected":false},"author":6,"featured_media":625198,"comment_status":"open","ping_status":"closed","sticky":false,"template":"","format":"standard","meta":{"_eb_attr":"","footnotes":""},"categories":[6,21,193,4,12,1,5,75],"tags":[],"class_list":["post-625195","post","type-post","status-publish","format-standard","has-post-thumbnail","hentry","category-agenda-de-eventos","category-breves","category-destacadas","category-historias-de-vida","category-instituciones","category-noticias","category-noticias-municipales","category-servicios-noticias-municipales","wpcat-6-id","wpcat-21-id","wpcat-193-id","wpcat-4-id","wpcat-12-id","wpcat-1-id","wpcat-5-id","wpcat-75-id"],"_links":{"self":[{"href":"https:\/\/www.oroverde.com.ar\/web\/wp-json\/wp\/v2\/posts\/625195","targetHints":{"allow":["GET"]}}],"collection":[{"href":"https:\/\/www.oroverde.com.ar\/web\/wp-json\/wp\/v2\/posts"}],"about":[{"href":"https:\/\/www.oroverde.com.ar\/web\/wp-json\/wp\/v2\/types\/post"}],"author":[{"embeddable":true,"href":"https:\/\/www.oroverde.com.ar\/web\/wp-json\/wp\/v2\/users\/6"}],"replies":[{"embeddable":true,"href":"https:\/\/www.oroverde.com.ar\/web\/wp-json\/wp\/v2\/comments?post=625195"}],"version-history":[{"count":1,"href":"https:\/\/www.oroverde.com.ar\/web\/wp-json\/wp\/v2\/posts\/625195\/revisions"}],"predecessor-version":[{"id":625199,"href":"https:\/\/www.oroverde.com.ar\/web\/wp-json\/wp\/v2\/posts\/625195\/revisions\/625199"}],"wp:featuredmedia":[{"embeddable":true,"href":"https:\/\/www.oroverde.com.ar\/web\/wp-json\/wp\/v2\/media\/625198"}],"wp:attachment":[{"href":"https:\/\/www.oroverde.com.ar\/web\/wp-json\/wp\/v2\/media?parent=625195"}],"wp:term":[{"taxonomy":"category","embeddable":true,"href":"https:\/\/www.oroverde.com.ar\/web\/wp-json\/wp\/v2\/categories?post=625195"},{"taxonomy":"post_tag","embeddable":true,"href":"https:\/\/www.oroverde.com.ar\/web\/wp-json\/wp\/v2\/tags?post=625195"}],"curies":[{"name":"wp","href":"https:\/\/api.w.org\/{rel}","templated":true}]}}