{"id":625216,"date":"2022-07-22T11:33:00","date_gmt":"2022-07-22T14:33:00","guid":{"rendered":"https:\/\/www.oroverde.com.ar\/web\/?p=625216"},"modified":"2022-08-13T11:35:27","modified_gmt":"2022-08-13T14:35:27","slug":"se-viene-la-vi-edicion-de-la-fiesta-regional-del-locro","status":"publish","type":"post","link":"https:\/\/www.oroverde.com.ar\/web\/se-viene-la-vi-edicion-de-la-fiesta-regional-del-locro\/","title":{"rendered":"Se viene la VI Edici\u00f3n de la Fiesta Regional del Locro"},"content":{"rendered":"\n<p>Una nueva edici\u00f3n de la Fiesta del Locro se realizar\u00e1 este domingo 24 de julio a las 12 hs en el predio municipal de Los Tordos y Los Sauces, en Oro Verde. Repasamos la informaci\u00f3n a tener en cuenta:<\/p>\n\n\n\n<p>Este gran almuerzo criollo al aire libre conjugar\u00e1 una amplia oferta gastron\u00f3mica con grandes artistas locales y de la regi\u00f3n, sobre el escenario, como n\u00fameros centrales actuar\u00e1n Los Palmae y Los Majestuosos del Chamam\u00e9. Estar\u00e1n tambi\u00e9n Corcho Gonz\u00e1lez y su conjunto, la Orquesta de Costa de Costa, S\u00faper Banda Estrella y Tropical Oro Verde.<\/p>\n\n\n\n<p>-Valor de las entradas: general $500 y para residentes de Oro Verde $200. Hasta los 12 a\u00f1os es gratuita. S\u00f3lo se adquirir\u00e1n en puerta.<\/p>\n\n\n\n<p>-Estacionamiento: cargo de los Bomberos Voluntarios de Oro Verde, valor $ 100<\/p>\n\n\n\n<p>-Valor de la porci\u00f3n de locro: $500<\/p>\n\n\n\n<p>-La fiesta ser\u00e1 al aire libre con patio de comidas, donde habr\u00e1 mesas y sillas disponibles para degustar las porciones de locro y una gran variedad de comidas t\u00edpicas. Tambi\u00e9n habr\u00e1 cantina con bebidas.<\/p>\n\n\n\n<p>&#8211; Habr\u00e1 Feria de Artesanos y Productores Populares, junto con un puesto de venta con verduras y hortalizas agroecol\u00f3gicas cultivadas en el Parque Hort\u00edcola municipal a precios accesibles para quienes deseen adquirirlas.<\/p>\n\n\n\n<p>Acompa\u00f1ar\u00e1 este almuerzo la Muestra \u201cLa historia est\u00e1 en todas partes\u201d en el Museo Conrado Hasenauer, ubicado muy pr\u00f3ximo al lugar de la fiesta para quienes deseen visitarlo.<\/p>\n","protected":false},"excerpt":{"rendered":"<p>Una nueva edici\u00f3n de la Fiesta del Locro se realizar\u00e1 este domingo 24 de julio a las 12 hs en el predio municipal de Los Tordos y Los Sauces, en&#8230;<\/p>\n","protected":false},"author":1,"featured_media":625217,"comment_status":"open","ping_status":"closed","sticky":false,"template":"","format":"standard","meta":{"_eb_attr":"","footnotes":""},"categories":[10],"tags":[],"class_list":["post-625216","post","type-post","status-publish","format-standard","has-post-thumbnail","hentry","category-cultura","wpcat-10-id"],"_links":{"self":[{"href":"https:\/\/www.oroverde.com.ar\/web\/wp-json\/wp\/v2\/posts\/625216","targetHints":{"allow":["GET"]}}],"collection":[{"href":"https:\/\/www.oroverde.com.ar\/web\/wp-json\/wp\/v2\/posts"}],"about":[{"href":"https:\/\/www.oroverde.com.ar\/web\/wp-json\/wp\/v2\/types\/post"}],"author":[{"embeddable":true,"href":"https:\/\/www.oroverde.com.ar\/web\/wp-json\/wp\/v2\/users\/1"}],"replies":[{"embeddable":true,"href":"https:\/\/www.oroverde.com.ar\/web\/wp-json\/wp\/v2\/comments?post=625216"}],"version-history":[{"count":1,"href":"https:\/\/www.oroverde.com.ar\/web\/wp-json\/wp\/v2\/posts\/625216\/revisions"}],"predecessor-version":[{"id":625218,"href":"https:\/\/www.oroverde.com.ar\/web\/wp-json\/wp\/v2\/posts\/625216\/revisions\/625218"}],"wp:featuredmedia":[{"embeddable":true,"href":"https:\/\/www.oroverde.com.ar\/web\/wp-json\/wp\/v2\/media\/625217"}],"wp:attachment":[{"href":"https:\/\/www.oroverde.com.ar\/web\/wp-json\/wp\/v2\/media?parent=625216"}],"wp:term":[{"taxonomy":"category","embeddable":true,"href":"https:\/\/www.oroverde.com.ar\/web\/wp-json\/wp\/v2\/categories?post=625216"},{"taxonomy":"post_tag","embeddable":true,"href":"https:\/\/www.oroverde.com.ar\/web\/wp-json\/wp\/v2\/tags?post=625216"}],"curies":[{"name":"wp","href":"https:\/\/api.w.org\/{rel}","templated":true}]}}