{"id":625492,"date":"2022-09-20T19:59:00","date_gmt":"2022-09-20T22:59:00","guid":{"rendered":"https:\/\/www.oroverde.com.ar\/web\/?p=625492"},"modified":"2022-09-28T20:09:47","modified_gmt":"2022-09-28T23:09:47","slug":"esta-funcionando-el-programa-de-prevencion-proteccion-y-asistencia-integral-a-mujeres-en-situacion-de-violencia-de-genero","status":"publish","type":"post","link":"https:\/\/www.oroverde.com.ar\/web\/esta-funcionando-el-programa-de-prevencion-proteccion-y-asistencia-integral-a-mujeres-en-situacion-de-violencia-de-genero\/","title":{"rendered":"Est\u00e1 funcionando el \u201cPrograma de prevenci\u00f3n, protecci\u00f3n y asistencia integral a mujeres en situaci\u00f3n de violencia de g\u00e9nero\u201d"},"content":{"rendered":"\n<p>Este espacio se estableci\u00f3 para abordar de manera integral la problem\u00e1tica de la violencia de g\u00e9nero desde la protecci\u00f3n, asistencia y prevenci\u00f3n. Se desempe\u00f1an all\u00ed dos profesionales Lic. en Psicolog\u00eda y Trabajo Social, quienes coordinan a su vez con las instituciones para abordar cada caso.<br>Para consultas y asistencia el programa funciona los martes y jueves de 15 a 20 hs. en el \u00e1rea de Desarrollo Social del Municipio, ubicado en la intersecci\u00f3n de Los Zorzales y Los Ceibos.<br>La creaci\u00f3n del programa, se explica, responde a \u201cque nuestra ciudad no est\u00e1 exenta de los patrones socioculturales que promueven y sostienen la desigualdad de g\u00e9nero, y esto trae aparejado muchas veces situaciones que resultan en desmedro de la mujer sufriendo la vulneraci\u00f3n de sus derechos\u201d.<br>Cabe recordar que en caso de emergencias se puede llamar a la<br>Comisar\u00eda Local: 0343 497-5082<br>Juzgado de Paz +54 9 3434 62-0601 de Oro Verde<br>Se puede hacer la denuncia en l\u00ednea en: https:\/\/cutt.ly\/9VhMukP<\/p>\n","protected":false},"excerpt":{"rendered":"<p>Este espacio se estableci\u00f3 para abordar de manera integral la problem\u00e1tica de la violencia de g\u00e9nero desde la protecci\u00f3n, asistencia y prevenci\u00f3n. Se desempe\u00f1an all\u00ed dos profesionales Lic. en Psicolog\u00eda&#8230;<\/p>\n","protected":false},"author":6,"featured_media":625493,"comment_status":"open","ping_status":"closed","sticky":false,"template":"","format":"standard","meta":{"_eb_attr":"","footnotes":""},"categories":[6,11,12,1,5,30,195],"tags":[],"class_list":["post-625492","post","type-post","status-publish","format-standard","has-post-thumbnail","hentry","category-agenda-de-eventos","category-educacion","category-instituciones","category-noticias","category-noticias-municipales","category-salud","category-seguridad","wpcat-6-id","wpcat-11-id","wpcat-12-id","wpcat-1-id","wpcat-5-id","wpcat-30-id","wpcat-195-id"],"_links":{"self":[{"href":"https:\/\/www.oroverde.com.ar\/web\/wp-json\/wp\/v2\/posts\/625492","targetHints":{"allow":["GET"]}}],"collection":[{"href":"https:\/\/www.oroverde.com.ar\/web\/wp-json\/wp\/v2\/posts"}],"about":[{"href":"https:\/\/www.oroverde.com.ar\/web\/wp-json\/wp\/v2\/types\/post"}],"author":[{"embeddable":true,"href":"https:\/\/www.oroverde.com.ar\/web\/wp-json\/wp\/v2\/users\/6"}],"replies":[{"embeddable":true,"href":"https:\/\/www.oroverde.com.ar\/web\/wp-json\/wp\/v2\/comments?post=625492"}],"version-history":[{"count":1,"href":"https:\/\/www.oroverde.com.ar\/web\/wp-json\/wp\/v2\/posts\/625492\/revisions"}],"predecessor-version":[{"id":625494,"href":"https:\/\/www.oroverde.com.ar\/web\/wp-json\/wp\/v2\/posts\/625492\/revisions\/625494"}],"wp:featuredmedia":[{"embeddable":true,"href":"https:\/\/www.oroverde.com.ar\/web\/wp-json\/wp\/v2\/media\/625493"}],"wp:attachment":[{"href":"https:\/\/www.oroverde.com.ar\/web\/wp-json\/wp\/v2\/media?parent=625492"}],"wp:term":[{"taxonomy":"category","embeddable":true,"href":"https:\/\/www.oroverde.com.ar\/web\/wp-json\/wp\/v2\/categories?post=625492"},{"taxonomy":"post_tag","embeddable":true,"href":"https:\/\/www.oroverde.com.ar\/web\/wp-json\/wp\/v2\/tags?post=625492"}],"curies":[{"name":"wp","href":"https:\/\/api.w.org\/{rel}","templated":true}]}}