{"id":625573,"date":"2022-10-13T12:25:00","date_gmt":"2022-10-13T15:25:00","guid":{"rendered":"https:\/\/www.oroverde.com.ar\/web\/?p=625573"},"modified":"2022-10-15T12:27:14","modified_gmt":"2022-10-15T15:27:14","slug":"oro-verde-estuvo-representado-en-una-feria-agro-ecologica-en-hohenau","status":"publish","type":"post","link":"https:\/\/www.oroverde.com.ar\/web\/oro-verde-estuvo-representado-en-una-feria-agro-ecologica-en-hohenau\/","title":{"rendered":"Oro verde estuvo representado en una feria agro ecol\u00f3gica en Hohenau"},"content":{"rendered":"\n<p>El responsable del Programa de Fortalecimiento de Huertas Urbanas y Periurbanas del Municipio, Guzm\u00e1n Banquero asisti\u00f3 invitado por la Fundaci\u00f3n Cauce Ecol\u00f3gico a participar del \u201cEncuentro de Saberes &amp; Sabores\u201d que incluye una Feria de Productos de Agroecolog\u00eda, con participaci\u00f3n de productores del Paraguay y la Argentina, que se llev\u00f3 a cabo del 7 a l 10 octubre en el Mercado Agropecuario Municipal de Hohenau, en el Departamento de Itap\u00faa, Paraguay.<br>\u201cEste encuentro forma parte del Programa \u201cHumedales sin Fronteras\u201d, coalici\u00f3n de varias organizaciones de Brasil, Bolivia, Paraguay y Argentina. En esta ocasi\u00f3n, se realiz\u00f3 de manera conjunta entre Paraguay y Argentina, organizado por Comunidad y Desarrollo Sustentable (CODES). Se trat\u00f3 de en un intercambio de experiencias, semillas, saberes y sabores.<br>Participaron productores locales de Hohenau, Edelira, Coronel Bogado y Carlos Antonio L\u00f3pez, del Departamento de Itap\u00faa, adem\u00e1s de productores del Chaco Paraguayo provenientes de Fuerte Olimpo y Puerto Casado, Alto Paraguay, al igual que productores provenientes de varias localidades de Argentina.<br>En representaci\u00f3n de Oro Verde estuvo presente, el responsable del Programa de Fortalecimiento de Huertas Urbanas y Periurbanas del Municipio, Guzm\u00e1n Banquero qui\u00e9n expres\u00f3: \u201cpara nosotros es una experiencia de intercambio muy importante porque adem\u00e1s de dar a conocer el trabajo que venimos realizando hace varios a\u00f1os, podemos conocer otras experiencias tanto de Argentina como de Paraguay\u201d.<\/p>\n","protected":false},"excerpt":{"rendered":"<p>El responsable del Programa de Fortalecimiento de Huertas Urbanas y Periurbanas del Municipio, Guzm\u00e1n Banquero asisti\u00f3 invitado por la Fundaci\u00f3n Cauce Ecol\u00f3gico a participar del \u201cEncuentro de Saberes &amp; Sabores\u201d&#8230;<\/p>\n","protected":false},"author":6,"featured_media":625574,"comment_status":"open","ping_status":"closed","sticky":false,"template":"","format":"standard","meta":{"_eb_attr":"","footnotes":""},"categories":[6,32,193,12,1],"tags":[],"class_list":["post-625573","post","type-post","status-publish","format-standard","has-post-thumbnail","hentry","category-agenda-de-eventos","category-ambiente-saludable","category-destacadas","category-instituciones","category-noticias","wpcat-6-id","wpcat-32-id","wpcat-193-id","wpcat-12-id","wpcat-1-id"],"_links":{"self":[{"href":"https:\/\/www.oroverde.com.ar\/web\/wp-json\/wp\/v2\/posts\/625573","targetHints":{"allow":["GET"]}}],"collection":[{"href":"https:\/\/www.oroverde.com.ar\/web\/wp-json\/wp\/v2\/posts"}],"about":[{"href":"https:\/\/www.oroverde.com.ar\/web\/wp-json\/wp\/v2\/types\/post"}],"author":[{"embeddable":true,"href":"https:\/\/www.oroverde.com.ar\/web\/wp-json\/wp\/v2\/users\/6"}],"replies":[{"embeddable":true,"href":"https:\/\/www.oroverde.com.ar\/web\/wp-json\/wp\/v2\/comments?post=625573"}],"version-history":[{"count":1,"href":"https:\/\/www.oroverde.com.ar\/web\/wp-json\/wp\/v2\/posts\/625573\/revisions"}],"predecessor-version":[{"id":625575,"href":"https:\/\/www.oroverde.com.ar\/web\/wp-json\/wp\/v2\/posts\/625573\/revisions\/625575"}],"wp:featuredmedia":[{"embeddable":true,"href":"https:\/\/www.oroverde.com.ar\/web\/wp-json\/wp\/v2\/media\/625574"}],"wp:attachment":[{"href":"https:\/\/www.oroverde.com.ar\/web\/wp-json\/wp\/v2\/media?parent=625573"}],"wp:term":[{"taxonomy":"category","embeddable":true,"href":"https:\/\/www.oroverde.com.ar\/web\/wp-json\/wp\/v2\/categories?post=625573"},{"taxonomy":"post_tag","embeddable":true,"href":"https:\/\/www.oroverde.com.ar\/web\/wp-json\/wp\/v2\/tags?post=625573"}],"curies":[{"name":"wp","href":"https:\/\/api.w.org\/{rel}","templated":true}]}}