{"id":625576,"date":"2022-10-13T12:27:00","date_gmt":"2022-10-13T15:27:00","guid":{"rendered":"https:\/\/www.oroverde.com.ar\/web\/?p=625576"},"modified":"2022-10-15T12:28:26","modified_gmt":"2022-10-15T15:28:26","slug":"entregaran-hoy-las-semillas-de-prohuerta-de-la-temporada-primavera-verano","status":"publish","type":"post","link":"https:\/\/www.oroverde.com.ar\/web\/entregaran-hoy-las-semillas-de-prohuerta-de-la-temporada-primavera-verano\/","title":{"rendered":"Entregar\u00e1n hoy las semillas de prohuerta de la temporada primavera verano"},"content":{"rendered":"\n<p>Se realizar\u00e1 la entrega de semillas del Programa Pro-Huerta de la temporada primavera-verano hoy 13 de octubre a las 18 hs. en el Centro Integrador Comunitario ubicado en Av. Los Cha\u00f1ares 397. En ese mismo momento, quienes lo deseen podr\u00e1n consultar y resolver dudas acerca de los cultivos con los integrantes de la Red de Huerteros y Huerteras de Oro Verde.<br>Es imprescindible contar con domicilio en Oro Verde para retirar las semillas, y a diferencia de otras ocasiones en que se llevaba adelante una charla informativa, en este caso se entregar\u00e1 material y se abrir\u00e1 un espacio para evacuar dudas y consultas sobre el cultivo en sus huertas.<br>Esta actividad se realiza en conjunto entre el Programa Municipal de Fortalecimiento de Huertas Urbanas y Periurbanas, el Programa Inta Pro Huerta, quienes proveen de las semillas a granel, y con la colaboraci\u00f3n de Red de Huerteros y Huerteras Oro Verde, quienes adem\u00e1s de fraccionarlas, cargar\u00e1n los datos de las personas que retiren semillas en un listado que solicita el programa nacional.<\/p>\n","protected":false},"excerpt":{"rendered":"<p>Se realizar\u00e1 la entrega de semillas del Programa Pro-Huerta de la temporada primavera-verano hoy 13 de octubre a las 18 hs. en el Centro Integrador Comunitario ubicado en Av. Los&#8230;<\/p>\n","protected":false},"author":6,"featured_media":625577,"comment_status":"open","ping_status":"closed","sticky":false,"template":"","format":"standard","meta":{"_eb_attr":"","footnotes":""},"categories":[6,193,12,1,5,40],"tags":[],"class_list":["post-625576","post","type-post","status-publish","format-standard","has-post-thumbnail","hentry","category-agenda-de-eventos","category-destacadas","category-instituciones","category-noticias","category-noticias-municipales","category-salud-noticias-municipales","wpcat-6-id","wpcat-193-id","wpcat-12-id","wpcat-1-id","wpcat-5-id","wpcat-40-id"],"_links":{"self":[{"href":"https:\/\/www.oroverde.com.ar\/web\/wp-json\/wp\/v2\/posts\/625576","targetHints":{"allow":["GET"]}}],"collection":[{"href":"https:\/\/www.oroverde.com.ar\/web\/wp-json\/wp\/v2\/posts"}],"about":[{"href":"https:\/\/www.oroverde.com.ar\/web\/wp-json\/wp\/v2\/types\/post"}],"author":[{"embeddable":true,"href":"https:\/\/www.oroverde.com.ar\/web\/wp-json\/wp\/v2\/users\/6"}],"replies":[{"embeddable":true,"href":"https:\/\/www.oroverde.com.ar\/web\/wp-json\/wp\/v2\/comments?post=625576"}],"version-history":[{"count":1,"href":"https:\/\/www.oroverde.com.ar\/web\/wp-json\/wp\/v2\/posts\/625576\/revisions"}],"predecessor-version":[{"id":625578,"href":"https:\/\/www.oroverde.com.ar\/web\/wp-json\/wp\/v2\/posts\/625576\/revisions\/625578"}],"wp:featuredmedia":[{"embeddable":true,"href":"https:\/\/www.oroverde.com.ar\/web\/wp-json\/wp\/v2\/media\/625577"}],"wp:attachment":[{"href":"https:\/\/www.oroverde.com.ar\/web\/wp-json\/wp\/v2\/media?parent=625576"}],"wp:term":[{"taxonomy":"category","embeddable":true,"href":"https:\/\/www.oroverde.com.ar\/web\/wp-json\/wp\/v2\/categories?post=625576"},{"taxonomy":"post_tag","embeddable":true,"href":"https:\/\/www.oroverde.com.ar\/web\/wp-json\/wp\/v2\/tags?post=625576"}],"curies":[{"name":"wp","href":"https:\/\/api.w.org\/{rel}","templated":true}]}}