{"id":625890,"date":"2023-01-20T17:45:54","date_gmt":"2023-01-20T20:45:54","guid":{"rendered":"https:\/\/www.oroverde.com.ar\/web\/?p=625890"},"modified":"2023-01-30T18:25:41","modified_gmt":"2023-01-30T21:25:41","slug":"ninos-y-ninas-de-la-colonia-de-vacaciones-participaron-de-la-fiesta-del-agua","status":"publish","type":"post","link":"https:\/\/www.oroverde.com.ar\/web\/ninos-y-ninas-de-la-colonia-de-vacaciones-participaron-de-la-fiesta-del-agua\/","title":{"rendered":"Ni\u00f1os y ni\u00f1as de la colonia de vacaciones participaron de la fiesta del agua"},"content":{"rendered":"\n<p>Esta ma\u00f1ana se realiz\u00f3 la Fiesta del Agua 2023, donde ni\u00f1os y ni\u00f1as que asisten a la Colonia de Vacaciones mostraron lo aprendido en este ciclo. Al ritmo de la m\u00fasica y con la gu\u00eda de sus profesores, compartieron con sus familias todo lo que les va dejando este espacio municipal al que le queda a\u00fan una semana de funcionamiento. Estuvieron presentes el intendente Oscar Toledo, la viceintendenta Marianela Komar,&nbsp; presidente del CGE, Mart\u00edn Muller y el titular del \u00e1rea de Deportes municipal, Marcelo Barreto.<\/p>\n\n\n\n<p>Hubo muestras de nataci\u00f3n, y almuerzo compartido, pero sobre todo mucha diversi\u00f3n y alegr\u00eda con los chicos como protagonistas.<\/p>\n\n\n\n<p>Sobre la muestra, el intendente Oscar Toledo resalt\u00f3 \u00abel trabajo del equipo de profesores, del Centro de Educaci\u00f3n F\u00edsica N26 Oro Verde&nbsp; que siempre nos acompa\u00f1a y la coordinaci\u00f3n de este espacio por el \u00e1rea de deportes. El Municipio conf\u00eda en ellos y las familias tambi\u00e9n. Sabemos que gracias a esta colonia, muchos de nuestros chicos aprendieron a nadar, y es un lugar de esparcimiento\u00bb.<\/p>\n\n\n\n<p>A la colonia y escuela de nataci\u00f3n asisten m\u00e1s de 400 personas entre las disciplinas para ni\u00f1os, adultos y adultos mayores.<\/p>\n","protected":false},"excerpt":{"rendered":"<p>Esta ma\u00f1ana se realiz\u00f3 la Fiesta del Agua 2023, donde ni\u00f1os y ni\u00f1as que asisten a la Colonia de Vacaciones mostraron lo aprendido en este ciclo. Al ritmo de la&#8230;<\/p>\n","protected":false},"author":6,"featured_media":625913,"comment_status":"open","ping_status":"closed","sticky":false,"template":"","format":"standard","meta":{"_eb_attr":"","footnotes":""},"categories":[21,15,193,36,12,1],"tags":[],"class_list":["post-625890","post","type-post","status-publish","format-standard","has-post-thumbnail","hentry","category-breves","category-deportes","category-destacadas","category-eventos","category-instituciones","category-noticias","wpcat-21-id","wpcat-15-id","wpcat-193-id","wpcat-36-id","wpcat-12-id","wpcat-1-id"],"_links":{"self":[{"href":"https:\/\/www.oroverde.com.ar\/web\/wp-json\/wp\/v2\/posts\/625890","targetHints":{"allow":["GET"]}}],"collection":[{"href":"https:\/\/www.oroverde.com.ar\/web\/wp-json\/wp\/v2\/posts"}],"about":[{"href":"https:\/\/www.oroverde.com.ar\/web\/wp-json\/wp\/v2\/types\/post"}],"author":[{"embeddable":true,"href":"https:\/\/www.oroverde.com.ar\/web\/wp-json\/wp\/v2\/users\/6"}],"replies":[{"embeddable":true,"href":"https:\/\/www.oroverde.com.ar\/web\/wp-json\/wp\/v2\/comments?post=625890"}],"version-history":[{"count":1,"href":"https:\/\/www.oroverde.com.ar\/web\/wp-json\/wp\/v2\/posts\/625890\/revisions"}],"predecessor-version":[{"id":625915,"href":"https:\/\/www.oroverde.com.ar\/web\/wp-json\/wp\/v2\/posts\/625890\/revisions\/625915"}],"wp:featuredmedia":[{"embeddable":true,"href":"https:\/\/www.oroverde.com.ar\/web\/wp-json\/wp\/v2\/media\/625913"}],"wp:attachment":[{"href":"https:\/\/www.oroverde.com.ar\/web\/wp-json\/wp\/v2\/media?parent=625890"}],"wp:term":[{"taxonomy":"category","embeddable":true,"href":"https:\/\/www.oroverde.com.ar\/web\/wp-json\/wp\/v2\/categories?post=625890"},{"taxonomy":"post_tag","embeddable":true,"href":"https:\/\/www.oroverde.com.ar\/web\/wp-json\/wp\/v2\/tags?post=625890"}],"curies":[{"name":"wp","href":"https:\/\/api.w.org\/{rel}","templated":true}]}}