{"id":625967,"date":"2023-02-09T18:25:54","date_gmt":"2023-02-09T21:25:54","guid":{"rendered":"https:\/\/www.oroverde.com.ar\/web\/?p=625967"},"modified":"2023-02-11T18:28:08","modified_gmt":"2023-02-11T21:28:08","slug":"funciona-el-programa-de-prevencion-proteccion-y-asistencia-integral-a-mujeres-en-situacion-de-violencia-de-genero-3","status":"publish","type":"post","link":"https:\/\/www.oroverde.com.ar\/web\/funciona-el-programa-de-prevencion-proteccion-y-asistencia-integral-a-mujeres-en-situacion-de-violencia-de-genero-3\/","title":{"rendered":"Funciona el programa de prevenci\u00f3n, protecci\u00f3n y asistencia integral a mujeres en situaci\u00f3n de violencia de g\u00e9nero"},"content":{"rendered":"\n<p>Este espacio se estableci\u00f3 para abordar de manera integral la problem\u00e1tica de la violencia de g\u00e9nero desde la protecci\u00f3n, asistencia y prevenci\u00f3n. Se desempe\u00f1an all\u00ed dos profesionales Lic. en Psicolog\u00eda y Trabajo Social, quienes coordinan a su vez con las instituciones para abordar cada caso.<\/p>\n\n\n\n<p>Para consultas y asistencia el programa funciona los martes y jueves de 15 a 20 hs. en el \u00e1rea de <a><\/a>Desarrollo Social del Municipio, ubicado en la intersecci\u00f3n de Los Zorzales y Los Ceibos.<\/p>\n\n\n\n<p>La creaci\u00f3n del programa, se explica, responde a \u201cque nuestra ciudad no est\u00e1 exenta de los patrones socioculturales que promueven y sostienen la desigualdad de g\u00e9nero, y esto trae aparejado muchas veces situaciones que resultan en desmedro de la mujer sufriendo la vulneraci\u00f3n de sus derechos\u201d.<\/p>\n\n\n\n<p>Cabe recordar que en caso de emergencias se puede llamar a la<\/p>\n\n\n\n<p>-Comisar\u00eda Local: 0343 497-5082<\/p>\n\n\n\n<p>-Juzgado de Paz +54 9 3434 62-0601 de Oro Verde<\/p>\n\n\n\n<p>-Se puede hacer la denuncia en l\u00ednea en: <a href=\"https:\/\/cutt.ly\/9VhMukP?fbclid=IwAR2F5dBXhyhwmolxwLkTD9imAOg7thxNEswhwlUw7lnK4TpisyiohvyhvAM\" rel=\"noreferrer noopener\" target=\"_blank\">https:\/\/cutt.ly\/9VhMukP<\/a><\/p>\n","protected":false},"excerpt":{"rendered":"<p>Este espacio se estableci\u00f3 para abordar de manera integral la problem\u00e1tica de la violencia de g\u00e9nero desde la protecci\u00f3n, asistencia y prevenci\u00f3n. Se desempe\u00f1an all\u00ed dos profesionales Lic. en Psicolog\u00eda&#8230;<\/p>\n","protected":false},"author":6,"featured_media":625968,"comment_status":"open","ping_status":"closed","sticky":false,"template":"","format":"standard","meta":{"_eb_attr":"","footnotes":""},"categories":[6,21,11,36,12,1,5,87,30,40,195,13,75,85,35],"tags":[],"class_list":["post-625967","post","type-post","status-publish","format-standard","has-post-thumbnail","hentry","category-agenda-de-eventos","category-breves","category-educacion","category-eventos","category-instituciones","category-noticias","category-noticias-municipales","category-proyectos","category-salud","category-salud-noticias-municipales","category-seguridad","category-servicios","category-servicios-noticias-municipales","category-solidaridad","category-talleres","wpcat-6-id","wpcat-21-id","wpcat-11-id","wpcat-36-id","wpcat-12-id","wpcat-1-id","wpcat-5-id","wpcat-87-id","wpcat-30-id","wpcat-40-id","wpcat-195-id","wpcat-13-id","wpcat-75-id","wpcat-85-id","wpcat-35-id"],"_links":{"self":[{"href":"https:\/\/www.oroverde.com.ar\/web\/wp-json\/wp\/v2\/posts\/625967","targetHints":{"allow":["GET"]}}],"collection":[{"href":"https:\/\/www.oroverde.com.ar\/web\/wp-json\/wp\/v2\/posts"}],"about":[{"href":"https:\/\/www.oroverde.com.ar\/web\/wp-json\/wp\/v2\/types\/post"}],"author":[{"embeddable":true,"href":"https:\/\/www.oroverde.com.ar\/web\/wp-json\/wp\/v2\/users\/6"}],"replies":[{"embeddable":true,"href":"https:\/\/www.oroverde.com.ar\/web\/wp-json\/wp\/v2\/comments?post=625967"}],"version-history":[{"count":1,"href":"https:\/\/www.oroverde.com.ar\/web\/wp-json\/wp\/v2\/posts\/625967\/revisions"}],"predecessor-version":[{"id":625969,"href":"https:\/\/www.oroverde.com.ar\/web\/wp-json\/wp\/v2\/posts\/625967\/revisions\/625969"}],"wp:featuredmedia":[{"embeddable":true,"href":"https:\/\/www.oroverde.com.ar\/web\/wp-json\/wp\/v2\/media\/625968"}],"wp:attachment":[{"href":"https:\/\/www.oroverde.com.ar\/web\/wp-json\/wp\/v2\/media?parent=625967"}],"wp:term":[{"taxonomy":"category","embeddable":true,"href":"https:\/\/www.oroverde.com.ar\/web\/wp-json\/wp\/v2\/categories?post=625967"},{"taxonomy":"post_tag","embeddable":true,"href":"https:\/\/www.oroverde.com.ar\/web\/wp-json\/wp\/v2\/tags?post=625967"}],"curies":[{"name":"wp","href":"https:\/\/api.w.org\/{rel}","templated":true}]}}