{"id":626145,"date":"2023-03-20T16:12:00","date_gmt":"2023-03-20T19:12:00","guid":{"rendered":"https:\/\/www.oroverde.com.ar\/web\/?p=626145"},"modified":"2023-03-20T21:19:55","modified_gmt":"2023-03-21T00:19:55","slug":"programa-zona-de-crianza-comunitaria-reunion-con-autoridades-de-otras-localidades","status":"publish","type":"post","link":"https:\/\/www.oroverde.com.ar\/web\/programa-zona-de-crianza-comunitaria-reunion-con-autoridades-de-otras-localidades\/","title":{"rendered":"Programa zona de crianza comunitaria: reuni\u00f3n con autoridades de otras localidades"},"content":{"rendered":"\n<p>La Viceintendenta Marianela Komar junto a integrantes del Programa Zona de Crianza Comunitaria que se lleva adelante en el Centro Integrador Comunitario mantuvieron el viernes pasado una reuni\u00f3n con Diego Bolz\u00e1n, presidente de la Comuna de Villa Fontana y Gisella G\u00fceli, encargada del \u00c1rea de desarrollo Social de Aldea Brasilera.<\/p>\n\n\n\n<p>El objetivo del encuentro fue dar a conocer el trabajo que se viene realizando desde el programa <a><\/a>Primeros A\u00f1os, y actualmente con el funcionamiento de la Zona de Crianza, de acuerdo al convenio firmado en 2022.<\/p>\n\n\n\n<p>En este sentido Komar detall\u00f3 \u00aben el convenio se establece la expansi\u00f3n del trabajo a las comunas cercanas, lo cual podemos empezar a delinear gracias al compromiso y trabajo de las y los facilitadores\u00bb.<\/p>\n\n\n\n<p>Vale destacar, se acord\u00f3 un nuevo encuentro para los primeros d\u00edas de abril para seguir avanzando en los acuerdos.<\/p>\n\n\n\n<p>La ZCC funciona en el Centro Integrador Comunitario. La misma cuenta con un equipo t\u00e9cnico provincial y equipo de facilitadores del Programa Primeros A\u00f1os, que son quienes llevan actualmente adelante Semillitas de Oro, el taller para Gestantes y Acompa\u00f1antes y el espacio de Brotecitos, junto a referentes del Centro de Salud de la localidad. Complementada con planes nacionales de acompa\u00f1amiento a la primera infancia.<\/p>\n","protected":false},"excerpt":{"rendered":"<p>La Viceintendenta Marianela Komar junto a integrantes del Programa Zona de Crianza Comunitaria que se lleva adelante en el Centro Integrador Comunitario mantuvieron el viernes pasado una reuni\u00f3n con Diego&#8230;<\/p>\n","protected":false},"author":6,"featured_media":626146,"comment_status":"open","ping_status":"closed","sticky":false,"template":"","format":"standard","meta":{"_eb_attr":"","footnotes":""},"categories":[6,11,12,1,5],"tags":[],"class_list":["post-626145","post","type-post","status-publish","format-standard","has-post-thumbnail","hentry","category-agenda-de-eventos","category-educacion","category-instituciones","category-noticias","category-noticias-municipales","wpcat-6-id","wpcat-11-id","wpcat-12-id","wpcat-1-id","wpcat-5-id"],"_links":{"self":[{"href":"https:\/\/www.oroverde.com.ar\/web\/wp-json\/wp\/v2\/posts\/626145","targetHints":{"allow":["GET"]}}],"collection":[{"href":"https:\/\/www.oroverde.com.ar\/web\/wp-json\/wp\/v2\/posts"}],"about":[{"href":"https:\/\/www.oroverde.com.ar\/web\/wp-json\/wp\/v2\/types\/post"}],"author":[{"embeddable":true,"href":"https:\/\/www.oroverde.com.ar\/web\/wp-json\/wp\/v2\/users\/6"}],"replies":[{"embeddable":true,"href":"https:\/\/www.oroverde.com.ar\/web\/wp-json\/wp\/v2\/comments?post=626145"}],"version-history":[{"count":2,"href":"https:\/\/www.oroverde.com.ar\/web\/wp-json\/wp\/v2\/posts\/626145\/revisions"}],"predecessor-version":[{"id":626148,"href":"https:\/\/www.oroverde.com.ar\/web\/wp-json\/wp\/v2\/posts\/626145\/revisions\/626148"}],"wp:featuredmedia":[{"embeddable":true,"href":"https:\/\/www.oroverde.com.ar\/web\/wp-json\/wp\/v2\/media\/626146"}],"wp:attachment":[{"href":"https:\/\/www.oroverde.com.ar\/web\/wp-json\/wp\/v2\/media?parent=626145"}],"wp:term":[{"taxonomy":"category","embeddable":true,"href":"https:\/\/www.oroverde.com.ar\/web\/wp-json\/wp\/v2\/categories?post=626145"},{"taxonomy":"post_tag","embeddable":true,"href":"https:\/\/www.oroverde.com.ar\/web\/wp-json\/wp\/v2\/tags?post=626145"}],"curies":[{"name":"wp","href":"https:\/\/api.w.org\/{rel}","templated":true}]}}