{"id":627017,"date":"2023-10-30T11:13:03","date_gmt":"2023-10-30T14:13:03","guid":{"rendered":"https:\/\/www.oroverde.com.ar\/web\/?p=627017"},"modified":"2023-11-13T11:18:09","modified_gmt":"2023-11-13T14:18:09","slug":"inauguracion-del-salon-de-artistas-visuales-de-oro-verde","status":"publish","type":"post","link":"https:\/\/www.oroverde.com.ar\/web\/inauguracion-del-salon-de-artistas-visuales-de-oro-verde\/","title":{"rendered":"Inauguraci\u00f3n del sal\u00f3n de artistas visuales de oro verde"},"content":{"rendered":"\n<p>Se llev\u00f3 adelante este s\u00e1bado la inauguraci\u00f3n del Sal\u00f3n de artistas visuales de Oro Verde en el Museo Conrado Hasenauer. Este sal\u00f3n se compone de 23 obras de artistas de la localidad donde se conjugan distintos actores sociales y culturales que representan diferentes formas de apreciar el arte y modos de comprender su pr\u00e1ctica.<\/p>\n\n\n\n<p>Durante el encuentro fueron premiados los siguientes trabajos: primer, segundo y tercer premio en pintura para Facundo K\u00fcfer, Priscila Bruschi y Nancy Kokocyaczuk, primer premio en dibujo Griselda M\u00e9ndez, en grabado Luciano Luna, en cer\u00e1mica Giuliana Carre\u00f1o Coletti, en fotograf\u00eda Pablo Zapata y en escultura Andr\u00e9s Gregorutti . Adem\u00e1s se entregaron menciones de honor a Mar\u00eda Jos\u00e9 Ram\u00edrez, Romina Villaverde, Giuliana Carre\u00f1o Coletti y Viviana Mart\u00edn.<\/p>\n\n\n\n<p>Los curadores Sara Ram\u00f3n y Sergio Damonte brindaron un breve repaso sobre la gran calidad de todas las obras e instaron a seguir sum\u00e1ndose&nbsp; a estas convocatorias.<\/p>\n\n\n\n<p>Adem\u00e1s los presentes disfrutaron de las voces del colectivo de mujeres \u201cPint\u00f3 cantar\u201d.<\/p>\n\n\n\n<p>Estuvieron presentes la vicenteindenta Marianela Komar y la viceintendenta electa Mercedes Schvindt.<\/p>\n\n\n\n<p>El Museo puede visitarse de lunes a viernes de 9 a 12. Viernes, s\u00e1bados y domingos de 16 a 19. Permanecer\u00e1 cerrado el 4 y 5 de noviembre ya que los integrantes del Museo estar\u00e1n acompa\u00f1ando el 8\u00ba Encuentro Regional de Plateros, exposici\u00f3n y feria en la escuela Alberdi.<\/p>\n","protected":false},"excerpt":{"rendered":"<p>Se llev\u00f3 adelante este s\u00e1bado la inauguraci\u00f3n del Sal\u00f3n de artistas visuales de Oro Verde en el Museo Conrado Hasenauer. Este sal\u00f3n se compone de 23 obras de artistas de&#8230;<\/p>\n","protected":false},"author":1,"featured_media":627018,"comment_status":"open","ping_status":"closed","sticky":false,"template":"","format":"standard","meta":{"_eb_attr":"","footnotes":""},"categories":[10],"tags":[],"class_list":["post-627017","post","type-post","status-publish","format-standard","has-post-thumbnail","hentry","category-cultura","wpcat-10-id"],"_links":{"self":[{"href":"https:\/\/www.oroverde.com.ar\/web\/wp-json\/wp\/v2\/posts\/627017","targetHints":{"allow":["GET"]}}],"collection":[{"href":"https:\/\/www.oroverde.com.ar\/web\/wp-json\/wp\/v2\/posts"}],"about":[{"href":"https:\/\/www.oroverde.com.ar\/web\/wp-json\/wp\/v2\/types\/post"}],"author":[{"embeddable":true,"href":"https:\/\/www.oroverde.com.ar\/web\/wp-json\/wp\/v2\/users\/1"}],"replies":[{"embeddable":true,"href":"https:\/\/www.oroverde.com.ar\/web\/wp-json\/wp\/v2\/comments?post=627017"}],"version-history":[{"count":1,"href":"https:\/\/www.oroverde.com.ar\/web\/wp-json\/wp\/v2\/posts\/627017\/revisions"}],"predecessor-version":[{"id":627019,"href":"https:\/\/www.oroverde.com.ar\/web\/wp-json\/wp\/v2\/posts\/627017\/revisions\/627019"}],"wp:featuredmedia":[{"embeddable":true,"href":"https:\/\/www.oroverde.com.ar\/web\/wp-json\/wp\/v2\/media\/627018"}],"wp:attachment":[{"href":"https:\/\/www.oroverde.com.ar\/web\/wp-json\/wp\/v2\/media?parent=627017"}],"wp:term":[{"taxonomy":"category","embeddable":true,"href":"https:\/\/www.oroverde.com.ar\/web\/wp-json\/wp\/v2\/categories?post=627017"},{"taxonomy":"post_tag","embeddable":true,"href":"https:\/\/www.oroverde.com.ar\/web\/wp-json\/wp\/v2\/tags?post=627017"}],"curies":[{"name":"wp","href":"https:\/\/api.w.org\/{rel}","templated":true}]}}