{"id":628967,"date":"2024-12-10T09:44:34","date_gmt":"2024-12-10T12:44:34","guid":{"rendered":"https:\/\/www.oroverde.com.ar\/web\/?p=628967"},"modified":"2024-12-11T09:45:56","modified_gmt":"2024-12-11T12:45:56","slug":"clement-participo-del-acto-de-asuncion-de-las-nuevas-autoridades-de-la-facultad-de-ciencia-y-tecnologia-de-la-uader","status":"publish","type":"post","link":"https:\/\/www.oroverde.com.ar\/web\/clement-participo-del-acto-de-asuncion-de-las-nuevas-autoridades-de-la-facultad-de-ciencia-y-tecnologia-de-la-uader\/","title":{"rendered":"Clement particip\u00f3 del Acto de asunci\u00f3n de las nuevas autoridades de la Facultad de Ciencia y Tecnolog\u00eda de la Uader"},"content":{"rendered":"\n<p>El intendente C\u00e9sar Clement asisti\u00f3 este lunes al Acto de Asunci\u00f3n de las autoridades electas por el per\u00edodo 2024- 2028 de la Facultad de Ciencia y Tecnolog\u00eda (UADER), donde el Esp. Abog. Juan Pablo Filipuzzi y la Mg. Adriana Gras asumieron como decano y vicedecana de esta facultad.<\/p>\n\n\n\n<p>El acto realizado en el sal\u00f3n de la Sede de esta ciudad, cont\u00f3 con la <a><\/a>presencia del rector de la Universidad Aut\u00f3noma de Entre R\u00edos (UADER), Luciano Filipuzzi, y dem\u00e1s autoridades.<\/p>\n\n\n\n<p>Adem\u00e1s, el Decano present\u00f3 los lineamientos del Plan de Gesti\u00f3n Institucional trazado para el per\u00edodo 2024-2028, basado en la cultura de la planificaci\u00f3n y el fortalecimiento de la ciencia, la tecnolog\u00eda e innovaci\u00f3n.<\/p>\n\n\n\n<p><\/p>\n","protected":false},"excerpt":{"rendered":"<p>El intendente C\u00e9sar Clement asisti\u00f3 este lunes al Acto de Asunci\u00f3n de las autoridades electas por el per\u00edodo 2024- 2028 de la Facultad de Ciencia y Tecnolog\u00eda (UADER), donde el&#8230;<\/p>\n","protected":false},"author":1,"featured_media":628968,"comment_status":"open","ping_status":"closed","sticky":false,"template":"","format":"standard","meta":{"_eb_attr":"","footnotes":""},"categories":[200],"tags":[],"class_list":["post-628967","post","type-post","status-publish","format-standard","has-post-thumbnail","hentry","category-acto","wpcat-200-id"],"_links":{"self":[{"href":"https:\/\/www.oroverde.com.ar\/web\/wp-json\/wp\/v2\/posts\/628967","targetHints":{"allow":["GET"]}}],"collection":[{"href":"https:\/\/www.oroverde.com.ar\/web\/wp-json\/wp\/v2\/posts"}],"about":[{"href":"https:\/\/www.oroverde.com.ar\/web\/wp-json\/wp\/v2\/types\/post"}],"author":[{"embeddable":true,"href":"https:\/\/www.oroverde.com.ar\/web\/wp-json\/wp\/v2\/users\/1"}],"replies":[{"embeddable":true,"href":"https:\/\/www.oroverde.com.ar\/web\/wp-json\/wp\/v2\/comments?post=628967"}],"version-history":[{"count":1,"href":"https:\/\/www.oroverde.com.ar\/web\/wp-json\/wp\/v2\/posts\/628967\/revisions"}],"predecessor-version":[{"id":628969,"href":"https:\/\/www.oroverde.com.ar\/web\/wp-json\/wp\/v2\/posts\/628967\/revisions\/628969"}],"wp:featuredmedia":[{"embeddable":true,"href":"https:\/\/www.oroverde.com.ar\/web\/wp-json\/wp\/v2\/media\/628968"}],"wp:attachment":[{"href":"https:\/\/www.oroverde.com.ar\/web\/wp-json\/wp\/v2\/media?parent=628967"}],"wp:term":[{"taxonomy":"category","embeddable":true,"href":"https:\/\/www.oroverde.com.ar\/web\/wp-json\/wp\/v2\/categories?post=628967"},{"taxonomy":"post_tag","embeddable":true,"href":"https:\/\/www.oroverde.com.ar\/web\/wp-json\/wp\/v2\/tags?post=628967"}],"curies":[{"name":"wp","href":"https:\/\/api.w.org\/{rel}","templated":true}]}}