{"id":628979,"date":"2024-12-13T08:39:00","date_gmt":"2024-12-13T11:39:00","guid":{"rendered":"https:\/\/www.oroverde.com.ar\/web\/?p=628979"},"modified":"2024-12-16T08:44:26","modified_gmt":"2024-12-16T11:44:26","slug":"llega-este-20-de-diciembre-la-feria-navidena-regala-local","status":"publish","type":"post","link":"https:\/\/www.oroverde.com.ar\/web\/llega-este-20-de-diciembre-la-feria-navidena-regala-local\/","title":{"rendered":"Llega este 20 de diciembre la Feria Navide\u00f1a \u00abRegal\u00e1 local\u00bb"},"content":{"rendered":"\n<p>Calle los Jacarandaes desde Av. Intendente Del Castillo hasta Las Calandrias, es el lugar elegido para llevar adelante la primera edici\u00f3n de la Feria Navide\u00f1a Regal\u00e1 Local. El viernes 20 de diciembre de 20 a 24 hs.&nbsp; se transformar\u00e1 en peatonal este tramo, los negocios estar\u00e1n abiertos y se instalar\u00e1n los feriantes nucleados en la Feria de Artesanos Productores de Oro Verde y la Feria Americana. Habr\u00e1 m\u00fasica en vivo de la mano del \u201cTr\u00edo Alegr\u00eda\u201d y \u201cLitoral Mita\u201d, junto a un espacio para las infancias.<\/p>\n\n\n\n<p>Al respecto, el intendente C\u00e9sar Clement, que se reuni\u00f3 con comerciantes, emprendedores y feriantes, explic\u00f3 \u201cbajo la premisa de dar un mayor impulso al comercio y a la actividad econ\u00f3mica en estas fiestas, proponemos esta iniciativa para que podamos comprar nuestros regalos en Oro Verde. El espacio va a estar abierto y los negocios que no tengan su local en esta cuadra podr\u00e1n sumarse si as\u00ed lo quieren tanto a la iniciativa de prolongar su horario de atenci\u00f3n, como instalarse con un gazebo o un puesto en la feria\u201d.<\/p>\n\n\n\n<p>El acceso para quienes deseen participar es gratuito, y all\u00ed encontrar\u00e1n todo lo necesario para estas fiestas, que tendr\u00e1n diversas ofertas y promociones para las compras. Esta feria en las pr\u00f3ximas ediciones posteriores ir\u00e1 cambiando de localizaci\u00f3n.<\/p>\n\n\n\n<p>Para formar parte los comercios que no se ubiquen en esta calle y quieran participar, no podr\u00e1n hacerlo con comidas, ni bebidas y deber\u00e1n inscribirse mediante este formulario:<\/p>\n\n\n\n<figure class=\"wp-block-embed\"><div class=\"wp-block-embed__wrapper\">\nhttps:\/\/tinyurl.com\/25ponqjz\n<\/div><\/figure>\n","protected":false},"excerpt":{"rendered":"<p>Calle los Jacarandaes desde Av. Intendente Del Castillo hasta Las Calandrias, es el lugar elegido para llevar adelante la primera edici\u00f3n de la Feria Navide\u00f1a Regal\u00e1 Local. El viernes 20&#8230;<\/p>\n","protected":false},"author":1,"featured_media":628980,"comment_status":"open","ping_status":"closed","sticky":false,"template":"","format":"standard","meta":{"_eb_attr":"","footnotes":""},"categories":[5],"tags":[],"class_list":["post-628979","post","type-post","status-publish","format-standard","has-post-thumbnail","hentry","category-noticias-municipales","wpcat-5-id"],"_links":{"self":[{"href":"https:\/\/www.oroverde.com.ar\/web\/wp-json\/wp\/v2\/posts\/628979","targetHints":{"allow":["GET"]}}],"collection":[{"href":"https:\/\/www.oroverde.com.ar\/web\/wp-json\/wp\/v2\/posts"}],"about":[{"href":"https:\/\/www.oroverde.com.ar\/web\/wp-json\/wp\/v2\/types\/post"}],"author":[{"embeddable":true,"href":"https:\/\/www.oroverde.com.ar\/web\/wp-json\/wp\/v2\/users\/1"}],"replies":[{"embeddable":true,"href":"https:\/\/www.oroverde.com.ar\/web\/wp-json\/wp\/v2\/comments?post=628979"}],"version-history":[{"count":1,"href":"https:\/\/www.oroverde.com.ar\/web\/wp-json\/wp\/v2\/posts\/628979\/revisions"}],"predecessor-version":[{"id":628981,"href":"https:\/\/www.oroverde.com.ar\/web\/wp-json\/wp\/v2\/posts\/628979\/revisions\/628981"}],"wp:featuredmedia":[{"embeddable":true,"href":"https:\/\/www.oroverde.com.ar\/web\/wp-json\/wp\/v2\/media\/628980"}],"wp:attachment":[{"href":"https:\/\/www.oroverde.com.ar\/web\/wp-json\/wp\/v2\/media?parent=628979"}],"wp:term":[{"taxonomy":"category","embeddable":true,"href":"https:\/\/www.oroverde.com.ar\/web\/wp-json\/wp\/v2\/categories?post=628979"},{"taxonomy":"post_tag","embeddable":true,"href":"https:\/\/www.oroverde.com.ar\/web\/wp-json\/wp\/v2\/tags?post=628979"}],"curies":[{"name":"wp","href":"https:\/\/api.w.org\/{rel}","templated":true}]}}