{"id":628999,"date":"2024-12-17T10:10:07","date_gmt":"2024-12-17T13:10:07","guid":{"rendered":"https:\/\/www.oroverde.com.ar\/web\/?p=628999"},"modified":"2024-12-18T10:12:49","modified_gmt":"2024-12-18T13:12:49","slug":"ya-se-pueden-comprar-las-entradas-anticipadas-para-disfrutar-el-8-de-febrero-de-oro-verde-canta-y-baila","status":"publish","type":"post","link":"https:\/\/www.oroverde.com.ar\/web\/ya-se-pueden-comprar-las-entradas-anticipadas-para-disfrutar-el-8-de-febrero-de-oro-verde-canta-y-baila\/","title":{"rendered":"Ya se pueden comprar las entradas anticipadas para disfrutar el 8 de febrero de \u201cOro Verde Canta y Baila\u201d"},"content":{"rendered":"\n<p>\u201cOro Verde Canta y Baila\u201d tendr\u00e1 una nueva edici\u00f3n el s\u00e1bado 8 de febrero de 2025 desde las 20.30 hs. con el reconocido folklorista L\u00e1zaro Caballero, y Azul Castell\u00f3 arriba del escenario. Como novedad, durante la jornada habr\u00e1 un concurso de bailes folkl\u00f3ricos que contar\u00e1 con importantes premios. La fiesta se realizar\u00e1 en el predio multieventos ubicado en Los Tordos y Los Sauces de Oro Verde, un anfiteatro natural que permite a los espectadores disfrutar de una noche en un entorno \u00fanico. Las entradas estar\u00e1n a la venta en los pr\u00f3ximos d\u00edas.<\/p>\n\n\n\n<p>La fiesta tradicionalista del verano en la regi\u00f3n presentar\u00e1 sobre el escenario a una figura de vertiginoso crecimiento musical a nivel nacional, como L\u00e1zaro Caballero. Tambi\u00e9n artistas como Azul Castell\u00f3 con toda la cumbia y completar\u00e1n esta propuesta la S\u00faper banda Estrella, Maravillas Alemanas, Sembrando Chamam\u00e9 y La Centella Banda.<\/p>\n\n\n\n<p>Habr\u00e1 una variada propuesta gastron\u00f3mica que estar\u00e1 a cargo de instituciones de la localidad, quienes realizar\u00e1n comidas t\u00edpicas y minutas.<\/p>\n\n\n\n<p>En cuanto a las entradas, los precios anticipados durante diciembre ser\u00e1n de 2.000 pesos. En enero y febrero de 3.000 pesos para el p\u00fablico en general. En puerta ese d\u00eda tendr\u00e1n un costo de 3.000 pesos para oroverdenses (llevar DNI) y de 5.000 pesos para no residentes. Las anticipadas ya est\u00e1n en venta ingresando a <a href=\"http:\/\/entradas.oroverde.gob.ar\" target=\"_blank\" rel=\"noreferrer noopener\">http:\/\/entradas.oroverde.gob.ar<\/a><\/p>\n\n\n\n<p>Entradas gratuitas para personas con discapacidad (con certificado), menores de 12 a\u00f1os y jubilados o pensionados.<\/p>\n\n\n\n<p><\/p>\n","protected":false},"excerpt":{"rendered":"<p>\u201cOro Verde Canta y Baila\u201d tendr\u00e1 una nueva edici\u00f3n el s\u00e1bado 8 de febrero de 2025 desde las 20.30 hs. con el reconocido folklorista L\u00e1zaro Caballero, y Azul Castell\u00f3 arriba&#8230;<\/p>\n","protected":false},"author":1,"featured_media":629000,"comment_status":"open","ping_status":"closed","sticky":false,"template":"","format":"standard","meta":{"_eb_attr":"","footnotes":""},"categories":[36],"tags":[],"class_list":["post-628999","post","type-post","status-publish","format-standard","has-post-thumbnail","hentry","category-eventos","wpcat-36-id"],"_links":{"self":[{"href":"https:\/\/www.oroverde.com.ar\/web\/wp-json\/wp\/v2\/posts\/628999","targetHints":{"allow":["GET"]}}],"collection":[{"href":"https:\/\/www.oroverde.com.ar\/web\/wp-json\/wp\/v2\/posts"}],"about":[{"href":"https:\/\/www.oroverde.com.ar\/web\/wp-json\/wp\/v2\/types\/post"}],"author":[{"embeddable":true,"href":"https:\/\/www.oroverde.com.ar\/web\/wp-json\/wp\/v2\/users\/1"}],"replies":[{"embeddable":true,"href":"https:\/\/www.oroverde.com.ar\/web\/wp-json\/wp\/v2\/comments?post=628999"}],"version-history":[{"count":1,"href":"https:\/\/www.oroverde.com.ar\/web\/wp-json\/wp\/v2\/posts\/628999\/revisions"}],"predecessor-version":[{"id":629001,"href":"https:\/\/www.oroverde.com.ar\/web\/wp-json\/wp\/v2\/posts\/628999\/revisions\/629001"}],"wp:featuredmedia":[{"embeddable":true,"href":"https:\/\/www.oroverde.com.ar\/web\/wp-json\/wp\/v2\/media\/629000"}],"wp:attachment":[{"href":"https:\/\/www.oroverde.com.ar\/web\/wp-json\/wp\/v2\/media?parent=628999"}],"wp:term":[{"taxonomy":"category","embeddable":true,"href":"https:\/\/www.oroverde.com.ar\/web\/wp-json\/wp\/v2\/categories?post=628999"},{"taxonomy":"post_tag","embeddable":true,"href":"https:\/\/www.oroverde.com.ar\/web\/wp-json\/wp\/v2\/tags?post=628999"}],"curies":[{"name":"wp","href":"https:\/\/api.w.org\/{rel}","templated":true}]}}