{"id":629009,"date":"2024-12-18T09:19:09","date_gmt":"2024-12-18T12:19:09","guid":{"rendered":"https:\/\/www.oroverde.com.ar\/web\/?p=629009"},"modified":"2024-12-20T09:34:40","modified_gmt":"2024-12-20T12:34:40","slug":"convenio-para-el-ordenamiento-territorial-de-la-escuela-juan-bautista-alberdi","status":"publish","type":"post","link":"https:\/\/www.oroverde.com.ar\/web\/convenio-para-el-ordenamiento-territorial-de-la-escuela-juan-bautista-alberdi\/","title":{"rendered":"Convenio para el ordenamiento territorial de la Escuela Juan Bautista Alberdi"},"content":{"rendered":"\n<p>El intendente C\u00e9sar Clement junto al decano de la Facultad de Ingenier\u00eda de la UNER Diego Campana y el de la Facultad de Humanidades, Artes y Ciencias Sociales de la UADER Daniel Richard, firmaron este mi\u00e9rcoles un convenio para realizar un proyecto de investigaci\u00f3n con el objetivo de llevar adelante el ordenamiento del estacionamiento y mejora de la seguridad vial en el Boulevard principal de acceso al complejo educativo de la Escuela Normal Rural Alberdi.<\/p>\n\n\n\n<p>En esta propuesta en la que las dos facultades y el Gobierno local se comprometieron a colaborar, se analizar\u00e1n las caracter\u00edsticas principales de la movilidad urbana en el Complejo educativo de la escuela Alberdi, en aspectos de sentidos circulatorios, estacionamiento en la v\u00eda p\u00fablica, accesibilidad al sistema de transporte interurbano por colectivos y movilidad no motorizada a fin de ordenar el estacionamiento y mejorar la seguridad vial.<\/p>\n\n\n\n<p>Tambi\u00e9n form\u00f3 parte de esta r\u00fabrica la secretaria de Escuelas de la Facultad de Humanidades, Artes y Ciencias Sociales (FHAyCS) Mar\u00eda Sol Barrera, la directora de la Escuela Juan Bautista Alberdi Andrea Ferreyra, junto a otras autoridades.<\/p>\n\n\n\n<p><\/p>\n","protected":false},"excerpt":{"rendered":"<p>El intendente C\u00e9sar Clement junto al decano de la Facultad de Ingenier\u00eda de la UNER Diego Campana y el de la Facultad de Humanidades, Artes y Ciencias Sociales de la&#8230;<\/p>\n","protected":false},"author":1,"featured_media":629010,"comment_status":"open","ping_status":"closed","sticky":false,"template":"","format":"standard","meta":{"_eb_attr":"","footnotes":""},"categories":[5],"tags":[],"class_list":["post-629009","post","type-post","status-publish","format-standard","has-post-thumbnail","hentry","category-noticias-municipales","wpcat-5-id"],"_links":{"self":[{"href":"https:\/\/www.oroverde.com.ar\/web\/wp-json\/wp\/v2\/posts\/629009","targetHints":{"allow":["GET"]}}],"collection":[{"href":"https:\/\/www.oroverde.com.ar\/web\/wp-json\/wp\/v2\/posts"}],"about":[{"href":"https:\/\/www.oroverde.com.ar\/web\/wp-json\/wp\/v2\/types\/post"}],"author":[{"embeddable":true,"href":"https:\/\/www.oroverde.com.ar\/web\/wp-json\/wp\/v2\/users\/1"}],"replies":[{"embeddable":true,"href":"https:\/\/www.oroverde.com.ar\/web\/wp-json\/wp\/v2\/comments?post=629009"}],"version-history":[{"count":1,"href":"https:\/\/www.oroverde.com.ar\/web\/wp-json\/wp\/v2\/posts\/629009\/revisions"}],"predecessor-version":[{"id":629011,"href":"https:\/\/www.oroverde.com.ar\/web\/wp-json\/wp\/v2\/posts\/629009\/revisions\/629011"}],"wp:featuredmedia":[{"embeddable":true,"href":"https:\/\/www.oroverde.com.ar\/web\/wp-json\/wp\/v2\/media\/629010"}],"wp:attachment":[{"href":"https:\/\/www.oroverde.com.ar\/web\/wp-json\/wp\/v2\/media?parent=629009"}],"wp:term":[{"taxonomy":"category","embeddable":true,"href":"https:\/\/www.oroverde.com.ar\/web\/wp-json\/wp\/v2\/categories?post=629009"},{"taxonomy":"post_tag","embeddable":true,"href":"https:\/\/www.oroverde.com.ar\/web\/wp-json\/wp\/v2\/tags?post=629009"}],"curies":[{"name":"wp","href":"https:\/\/api.w.org\/{rel}","templated":true}]}}