{"id":629012,"date":"2024-12-18T09:34:53","date_gmt":"2024-12-18T12:34:53","guid":{"rendered":"https:\/\/www.oroverde.com.ar\/web\/?p=629012"},"modified":"2024-12-20T09:55:57","modified_gmt":"2024-12-20T12:55:57","slug":"diecinueve-empleados-municipales-finalizaron-sus-estudios-secundarios-y-recibieron-sus-diplomas","status":"publish","type":"post","link":"https:\/\/www.oroverde.com.ar\/web\/diecinueve-empleados-municipales-finalizaron-sus-estudios-secundarios-y-recibieron-sus-diplomas\/","title":{"rendered":"Diecinueve empleados municipales finalizaron sus estudios secundarios y recibieron sus diplomas"},"content":{"rendered":"\n<p>En un emotivo acto se realiz\u00f3 la entrega de diplomas a los empleados municipales que finalizaron sus estudios secundarios por medio de un convenio entre el Instituto Argentino de Oficio y el Municipio. Adem\u00e1s, los estudiantes recibieron obsequios y reconocimientos por haber finalizado esta etapa acad\u00e9mica.<\/p>\n\n\n\n<p>Estuvo presente el intendente C\u00e9sar Clement qui\u00e9n brind\u00f3 unas sentidas palabras, la viceintendenta Mercedes Schvindt, los concejales Amelia Gerstner, Oscar Ocampo, Ver\u00f3nica Mino y Horacio Unrein, el responsable de la sede local del Instituto Argentino del Oficio, Francisco Garcilazo, la responsable del \u00e1rea de Cultura municipal y profesora de los egresados Soledad Sauthier, familiares y p\u00fablico en general.<\/p>\n\n\n\n<p>Egresaron: Daniel Roth, Luis Arener, Marcelo Torres, Juan Carlos Almir\u00f3n, Gast\u00f3n Dum\u00e9, Emiliano Nieremberger, Ger\u00f3nimo G\u00f3mez, Fernando Acosta, Luciano Almeira, Juan Wagner, Arnaldo Zapata, Neri Basso, Nicol\u00e1s Porciel, Juan Prescher, Edmundo Kessler, N\u00e9stor Vidoz, Nelson Werner, Rodrigo Miranda y Valeriano Froschauer.<\/p>\n\n\n\n<p>El Instituto Argentino del Oficio brind\u00f3 el material y de manera complementaria el Municipio acompa\u00f1\u00f3 este proceso de aprendizaje con una tutor\u00eda financiada por el Gobierno local, donde la profesora mantuvo peri\u00f3dicamente encuentros con los empleados en el edificio municipal para resolver las dudas que ten\u00edan.<\/p>\n\n\n\n<p><\/p>\n","protected":false},"excerpt":{"rendered":"<p>En un emotivo acto se realiz\u00f3 la entrega de diplomas a los empleados municipales que finalizaron sus estudios secundarios por medio de un convenio entre el Instituto Argentino de Oficio&#8230;<\/p>\n","protected":false},"author":1,"featured_media":629013,"comment_status":"open","ping_status":"closed","sticky":false,"template":"","format":"standard","meta":{"_eb_attr":"","footnotes":""},"categories":[5],"tags":[],"class_list":["post-629012","post","type-post","status-publish","format-standard","has-post-thumbnail","hentry","category-noticias-municipales","wpcat-5-id"],"_links":{"self":[{"href":"https:\/\/www.oroverde.com.ar\/web\/wp-json\/wp\/v2\/posts\/629012","targetHints":{"allow":["GET"]}}],"collection":[{"href":"https:\/\/www.oroverde.com.ar\/web\/wp-json\/wp\/v2\/posts"}],"about":[{"href":"https:\/\/www.oroverde.com.ar\/web\/wp-json\/wp\/v2\/types\/post"}],"author":[{"embeddable":true,"href":"https:\/\/www.oroverde.com.ar\/web\/wp-json\/wp\/v2\/users\/1"}],"replies":[{"embeddable":true,"href":"https:\/\/www.oroverde.com.ar\/web\/wp-json\/wp\/v2\/comments?post=629012"}],"version-history":[{"count":1,"href":"https:\/\/www.oroverde.com.ar\/web\/wp-json\/wp\/v2\/posts\/629012\/revisions"}],"predecessor-version":[{"id":629014,"href":"https:\/\/www.oroverde.com.ar\/web\/wp-json\/wp\/v2\/posts\/629012\/revisions\/629014"}],"wp:featuredmedia":[{"embeddable":true,"href":"https:\/\/www.oroverde.com.ar\/web\/wp-json\/wp\/v2\/media\/629013"}],"wp:attachment":[{"href":"https:\/\/www.oroverde.com.ar\/web\/wp-json\/wp\/v2\/media?parent=629012"}],"wp:term":[{"taxonomy":"category","embeddable":true,"href":"https:\/\/www.oroverde.com.ar\/web\/wp-json\/wp\/v2\/categories?post=629012"},{"taxonomy":"post_tag","embeddable":true,"href":"https:\/\/www.oroverde.com.ar\/web\/wp-json\/wp\/v2\/tags?post=629012"}],"curies":[{"name":"wp","href":"https:\/\/api.w.org\/{rel}","templated":true}]}}