{"id":629021,"date":"2024-12-19T10:36:19","date_gmt":"2024-12-19T13:36:19","guid":{"rendered":"https:\/\/www.oroverde.com.ar\/web\/?p=629021"},"modified":"2024-12-20T10:39:07","modified_gmt":"2024-12-20T13:39:07","slug":"cortes-de-transito-por-la-feria-navidena-regala-local-de-este-viernes","status":"publish","type":"post","link":"https:\/\/www.oroverde.com.ar\/web\/cortes-de-transito-por-la-feria-navidena-regala-local-de-este-viernes\/","title":{"rendered":"Cortes de tr\u00e1nsito por la Feria Navide\u00f1a \u201cRegal\u00e1 local\u201d de este viernes"},"content":{"rendered":"\n<p>Teniendo en cuenta que para llevar adelante la Feria Navide\u00f1a \u201cRegal\u00e1 local\u201d donde se ocupar\u00e1 el tramo de calle Los Jacarandaes, desde Av. Intendente del Castillo hasta Las Calandrias, el tr\u00e1nsito estar\u00e1 cortado este viernes 20 de diciembre a partir de las 17 hs hasta las 00 hs en ese tramo.<\/p>\n\n\n\n<p>Las intersecciones de Los Jacarandaes con calle Los Cardenales permanecer\u00e1n cortadas tambi\u00e9n hasta las 00 hs.<\/p>\n\n\n\n<p>Recordamos y los invitamos para ma\u00f1ana a esta primera edici\u00f3n de la Feria Navide\u00f1a denominada \u201cRegal\u00e1 local\u201d donde este tramo se transformar\u00e1 en peatonal con los negocios que estar\u00e1n abiertos junto a los feriantes nucleados en la Feria de Artesanos Productores de Oro Verde y la Feria Americana. Habr\u00e1 m\u00fasica en vivo de la mano del \u201cTr\u00edo Alegr\u00eda\u201d y \u201cLitoral Mita\u201d, junto a un espacio para las infancias. Ser\u00e1 a partir de las 20 hs hasta la medianoche.&nbsp;<\/p>\n\n\n\n<p><\/p>\n","protected":false},"excerpt":{"rendered":"<p>Teniendo en cuenta que para llevar adelante la Feria Navide\u00f1a \u201cRegal\u00e1 local\u201d donde se ocupar\u00e1 el tramo de calle Los Jacarandaes, desde Av. Intendente del Castillo hasta Las Calandrias, el&#8230;<\/p>\n","protected":false},"author":1,"featured_media":629022,"comment_status":"open","ping_status":"closed","sticky":false,"template":"","format":"standard","meta":{"_eb_attr":"","footnotes":""},"categories":[5],"tags":[],"class_list":["post-629021","post","type-post","status-publish","format-standard","has-post-thumbnail","hentry","category-noticias-municipales","wpcat-5-id"],"_links":{"self":[{"href":"https:\/\/www.oroverde.com.ar\/web\/wp-json\/wp\/v2\/posts\/629021","targetHints":{"allow":["GET"]}}],"collection":[{"href":"https:\/\/www.oroverde.com.ar\/web\/wp-json\/wp\/v2\/posts"}],"about":[{"href":"https:\/\/www.oroverde.com.ar\/web\/wp-json\/wp\/v2\/types\/post"}],"author":[{"embeddable":true,"href":"https:\/\/www.oroverde.com.ar\/web\/wp-json\/wp\/v2\/users\/1"}],"replies":[{"embeddable":true,"href":"https:\/\/www.oroverde.com.ar\/web\/wp-json\/wp\/v2\/comments?post=629021"}],"version-history":[{"count":1,"href":"https:\/\/www.oroverde.com.ar\/web\/wp-json\/wp\/v2\/posts\/629021\/revisions"}],"predecessor-version":[{"id":629023,"href":"https:\/\/www.oroverde.com.ar\/web\/wp-json\/wp\/v2\/posts\/629021\/revisions\/629023"}],"wp:featuredmedia":[{"embeddable":true,"href":"https:\/\/www.oroverde.com.ar\/web\/wp-json\/wp\/v2\/media\/629022"}],"wp:attachment":[{"href":"https:\/\/www.oroverde.com.ar\/web\/wp-json\/wp\/v2\/media?parent=629021"}],"wp:term":[{"taxonomy":"category","embeddable":true,"href":"https:\/\/www.oroverde.com.ar\/web\/wp-json\/wp\/v2\/categories?post=629021"},{"taxonomy":"post_tag","embeddable":true,"href":"https:\/\/www.oroverde.com.ar\/web\/wp-json\/wp\/v2\/tags?post=629021"}],"curies":[{"name":"wp","href":"https:\/\/api.w.org\/{rel}","templated":true}]}}