{"id":629114,"date":"2025-01-24T16:34:57","date_gmt":"2025-01-24T19:34:57","guid":{"rendered":"https:\/\/www.oroverde.com.ar\/web\/?p=629114"},"modified":"2025-02-04T16:37:39","modified_gmt":"2025-02-04T19:37:39","slug":"convocatoria-para-participar-con-un-stand-en-oro-verde-canta-y-baila-2","status":"publish","type":"post","link":"https:\/\/www.oroverde.com.ar\/web\/convocatoria-para-participar-con-un-stand-en-oro-verde-canta-y-baila-2\/","title":{"rendered":"Convocatoria para participar con un stand en \u201cOro Verde Canta y Baila\u201d"},"content":{"rendered":"\n<p>Contin\u00faa abierta la convocatoria para quienes deseen participar con un stand en la fiesta \u201cOro Verde Canta y Baila\u201d que se realizar\u00e1 el 8 de febrero, los rubros que comprendan comida y bebida, no podr\u00e1n sumarse ya que ese cupo est\u00e1 cubierto por las instituciones de la localidad. Tampoco peloteros e inflables.<\/p>\n\n\n\n<p>Otro requisito es que NO deben pertenecer a la Feria de Artesanos Productores de la localidad y tampoco a la Feria Americana (antes dudas o consultas pueden comunicarse con sus referentes).<\/p>\n\n\n\n<p>Deber\u00e1n abonar por el espacio un costo de $45.000.<\/p>\n\n\n\n<p>En un primer paso deber\u00e1n solicitar un volante de pago a&nbsp;<a href=\"mailto:tesoreriaoroverde@gmail.com\" target=\"_blank\" rel=\"noreferrer noopener\">tesoreriaoroverde@gmail.com<\/a>&nbsp;que podr\u00e1n abonar a trav\u00e9s de Rapipago, Entre R\u00edos Servicios, entre otros. Una vez abonado podr\u00e1n inscribirse en el siguiente formulario<\/p>\n\n\n\n<p><a href=\"https:\/\/acortar.link\/wwPePV?fbclid=IwZXh0bgNhZW0CMTAAAR1MuMZTKx5YQbFYYKGbk8NzJXXCx2OEhj4BG9PPUfhCE0PQ7VNiYA3x4bI_aem_Z-Mg3r4uaAr0FkB_ho_7FQ\" target=\"_blank\" rel=\"noreferrer noopener\"><strong>https:\/\/acortar.link\/wwPePV<\/strong><\/a>&nbsp;y adjuntar el comprobante de pago. De esta manera se completa la inscripci\u00f3n.<\/p>\n\n\n\n<p>Es importante seguir todos los pasos. Cubierto el cupo se contactar\u00e1n desde el Municipio con cada feriante para ultimar detalles.<\/p>\n","protected":false},"excerpt":{"rendered":"<p>Contin\u00faa abierta la convocatoria para quienes deseen participar con un stand en la fiesta \u201cOro Verde Canta y Baila\u201d que se realizar\u00e1 el 8 de febrero, los rubros que comprendan&#8230;<\/p>\n","protected":false},"author":6,"featured_media":629115,"comment_status":"open","ping_status":"closed","sticky":false,"template":"","format":"standard","meta":{"_eb_attr":"","footnotes":""},"categories":[199,207],"tags":[],"class_list":["post-629114","post","type-post","status-publish","format-standard","has-post-thumbnail","hentry","category-charlas","category-convocatoria","wpcat-199-id","wpcat-207-id"],"_links":{"self":[{"href":"https:\/\/www.oroverde.com.ar\/web\/wp-json\/wp\/v2\/posts\/629114","targetHints":{"allow":["GET"]}}],"collection":[{"href":"https:\/\/www.oroverde.com.ar\/web\/wp-json\/wp\/v2\/posts"}],"about":[{"href":"https:\/\/www.oroverde.com.ar\/web\/wp-json\/wp\/v2\/types\/post"}],"author":[{"embeddable":true,"href":"https:\/\/www.oroverde.com.ar\/web\/wp-json\/wp\/v2\/users\/6"}],"replies":[{"embeddable":true,"href":"https:\/\/www.oroverde.com.ar\/web\/wp-json\/wp\/v2\/comments?post=629114"}],"version-history":[{"count":1,"href":"https:\/\/www.oroverde.com.ar\/web\/wp-json\/wp\/v2\/posts\/629114\/revisions"}],"predecessor-version":[{"id":629116,"href":"https:\/\/www.oroverde.com.ar\/web\/wp-json\/wp\/v2\/posts\/629114\/revisions\/629116"}],"wp:featuredmedia":[{"embeddable":true,"href":"https:\/\/www.oroverde.com.ar\/web\/wp-json\/wp\/v2\/media\/629115"}],"wp:attachment":[{"href":"https:\/\/www.oroverde.com.ar\/web\/wp-json\/wp\/v2\/media?parent=629114"}],"wp:term":[{"taxonomy":"category","embeddable":true,"href":"https:\/\/www.oroverde.com.ar\/web\/wp-json\/wp\/v2\/categories?post=629114"},{"taxonomy":"post_tag","embeddable":true,"href":"https:\/\/www.oroverde.com.ar\/web\/wp-json\/wp\/v2\/tags?post=629114"}],"curies":[{"name":"wp","href":"https:\/\/api.w.org\/{rel}","templated":true}]}}