{"id":629132,"date":"2025-01-28T16:46:17","date_gmt":"2025-01-28T19:46:17","guid":{"rendered":"https:\/\/www.oroverde.com.ar\/web\/?p=629132"},"modified":"2025-02-04T16:47:47","modified_gmt":"2025-02-04T19:47:47","slug":"oro-verde-canta-y-baila-el-martes-4-de-febrero-cierra-la-inscripcion-para-participar-con-un-stand-y-para-el-certamen-de-baile-folklorico","status":"publish","type":"post","link":"https:\/\/www.oroverde.com.ar\/web\/oro-verde-canta-y-baila-el-martes-4-de-febrero-cierra-la-inscripcion-para-participar-con-un-stand-y-para-el-certamen-de-baile-folklorico\/","title":{"rendered":"Oro Verde Canta y Baila\u201d: el martes 4 de febrero cierra la inscripci\u00f3n para participar con un stand y para el Certamen de Baile Folkl\u00f3rico"},"content":{"rendered":"\n<p>Hasta el martes 4 de febrero estar\u00e1 abierta la convocatoria para quienes deseen participar con un stand en la fiesta \u201cOro Verde Canta y Baila\u201d que se realizar\u00e1 el 8 de febrero, los rubros que comprendan comida y bebida, no podr\u00e1n sumarse ya que ese cupo est\u00e1 cubierto por las instituciones de la localidad. Tampoco peloteros e inflables.<\/p>\n\n\n\n<p>Otro requisito es que NO deben pertenecer a la Feria de Artesanos Productores de la localidad y tampoco a la Feria Americana (antes dudas o consultas pueden comunicarse con sus referentes).<\/p>\n\n\n\n<p>&nbsp;Deber\u00e1n abonar por el espacio un costo de $45.000.<\/p>\n\n\n\n<p>En un primer paso deber\u00e1n solicitar un volante de pago a&nbsp;<a href=\"mailto:tesoreriaoroverde@gmail.com\" target=\"_blank\" rel=\"noreferrer noopener\">tesoreriaoroverde@gmail.com<\/a>&nbsp;que podr\u00e1n abonar a trav\u00e9s de Rapipago, Entre R\u00edos Servicios, entre otros. Una vez abonado podr\u00e1n inscribirse en el siguiente formulario<\/p>\n\n\n\n<p><a href=\"https:\/\/acortar.link\/wwPePV\" target=\"_blank\" rel=\"noreferrer noopener\">https:\/\/acortar.link\/wwPePV<\/a>&nbsp;&nbsp;&nbsp;y adjuntar el comprobante de pago. De esta manera se completa la inscripci\u00f3n.<\/p>\n\n\n\n<p>Es importante seguir todos los pasos. Cubierto el cupo se contactar\u00e1n desde el Municipio con cada feriante para ultimar detalles.<\/p>\n\n\n\n<p>Ese mismo d\u00eda finaliza la inscripci\u00f3n para participar del Certamen de Baile Fokl\u00f3rico en pareja y en conjunto.<\/p>\n\n\n\n<p>\u00bfC\u00f3mo ser\u00e1 el concurso?<\/p>\n\n\n\n<p>El Certamen contar\u00e1 con dos categor\u00edas: pareja de baile tradicional, y conjunto de baile folkl\u00f3rico con un m\u00ednimo de cuatro integrantes y un m\u00e1ximo de diez.<\/p>\n\n\n\n<p>Para participar, habr\u00e1 que anotarse previamente (hasta el 4 de febrero) en un formulario online, en el siguiente enlace:&nbsp;<a href=\"https:\/\/docs.google.com\/...\/1wU8PVU6uTub5kSpJsXS7...\/preview\" target=\"_blank\" rel=\"noreferrer noopener\">https:\/\/docs.google.com\/&#8230;\/1wU8PVU6uTub5kSpJsXS7&#8230;\/preview<\/a><\/p>\n\n\n\n<p>El jurado estar\u00e1 integrado por personas especializadas y como premio recibir\u00e1n, adem\u00e1s de la presentaci\u00f3n esa noche, un monto en dinero. A saber, la categor\u00eda \u201cpareja de baile tradicional\u201d, tendr\u00e1 como premio $100.000 (cien mil pesos). La categor\u00eda \u201cconjunto de baile folkl\u00f3rico\u201d $200.000 (doscientos mil pesos)<\/p>\n\n\n\n<p>Las bases y condiciones pueden consultarse en el siguiente link:<\/p>\n\n\n\n<figure class=\"wp-block-embed\"><div class=\"wp-block-embed__wrapper\">\nhttps:\/\/acortar.link\/hg1qHc\n<\/div><\/figure>\n","protected":false},"excerpt":{"rendered":"<p>Hasta el martes 4 de febrero estar\u00e1 abierta la convocatoria para quienes deseen participar con un stand en la fiesta \u201cOro Verde Canta y Baila\u201d que se realizar\u00e1 el 8&#8230;<\/p>\n","protected":false},"author":6,"featured_media":629133,"comment_status":"open","ping_status":"closed","sticky":false,"template":"","format":"standard","meta":{"_eb_attr":"","footnotes":""},"categories":[6,212],"tags":[],"class_list":["post-629132","post","type-post","status-publish","format-standard","has-post-thumbnail","hentry","category-agenda-de-eventos","category-aviso","wpcat-6-id","wpcat-212-id"],"_links":{"self":[{"href":"https:\/\/www.oroverde.com.ar\/web\/wp-json\/wp\/v2\/posts\/629132","targetHints":{"allow":["GET"]}}],"collection":[{"href":"https:\/\/www.oroverde.com.ar\/web\/wp-json\/wp\/v2\/posts"}],"about":[{"href":"https:\/\/www.oroverde.com.ar\/web\/wp-json\/wp\/v2\/types\/post"}],"author":[{"embeddable":true,"href":"https:\/\/www.oroverde.com.ar\/web\/wp-json\/wp\/v2\/users\/6"}],"replies":[{"embeddable":true,"href":"https:\/\/www.oroverde.com.ar\/web\/wp-json\/wp\/v2\/comments?post=629132"}],"version-history":[{"count":1,"href":"https:\/\/www.oroverde.com.ar\/web\/wp-json\/wp\/v2\/posts\/629132\/revisions"}],"predecessor-version":[{"id":629134,"href":"https:\/\/www.oroverde.com.ar\/web\/wp-json\/wp\/v2\/posts\/629132\/revisions\/629134"}],"wp:featuredmedia":[{"embeddable":true,"href":"https:\/\/www.oroverde.com.ar\/web\/wp-json\/wp\/v2\/media\/629133"}],"wp:attachment":[{"href":"https:\/\/www.oroverde.com.ar\/web\/wp-json\/wp\/v2\/media?parent=629132"}],"wp:term":[{"taxonomy":"category","embeddable":true,"href":"https:\/\/www.oroverde.com.ar\/web\/wp-json\/wp\/v2\/categories?post=629132"},{"taxonomy":"post_tag","embeddable":true,"href":"https:\/\/www.oroverde.com.ar\/web\/wp-json\/wp\/v2\/tags?post=629132"}],"curies":[{"name":"wp","href":"https:\/\/api.w.org\/{rel}","templated":true}]}}