{"id":629146,"date":"2025-02-05T09:53:46","date_gmt":"2025-02-05T12:53:46","guid":{"rendered":"https:\/\/www.oroverde.com.ar\/web\/?p=629146"},"modified":"2025-02-10T10:01:15","modified_gmt":"2025-02-10T13:01:15","slug":"durante-oro-verde-canta-y-baila-podra-visitarse-el-museo-conrado-hasenauer","status":"publish","type":"post","link":"https:\/\/www.oroverde.com.ar\/web\/durante-oro-verde-canta-y-baila-podra-visitarse-el-museo-conrado-hasenauer\/","title":{"rendered":"Durante \u201cOro Verde Canta y Baila\u201d podr\u00e1 visitarse el Museo Conrado Hasenauer"},"content":{"rendered":"\n<p>Durante el festival Oro Verde Canta y Baila, se podr\u00e1 visitar la muestra \u00abUn viaje al Oro Verde de ayer\u00bb en el Museo Conrado Hasenauer, ubicado en Los Tordos 241, muy pr\u00f3ximo al predio multieventos. Estar\u00e1 abierta desde las 19:30 hasta las 22 hs.<\/p>\n\n\n\n<p>Esta muestra hist\u00f3rica ofrece una experiencia \u00fanica, permitiendo a los visitantes sumergirse en la rica historia de la regi\u00f3n a trav\u00e9s de fotograf\u00edas, infograf\u00edas, l\u00edneas de tiempo y audiovisuales en una pantalla interactiva. La exposici\u00f3n fotogr\u00e1fica se basa en el programa \u00abLa historia est\u00e1 en todas partes\u00bb, que recopila testimonios orales y fotograf\u00edas de vecinos y vecinas que vivieron en la \u00e9poca de formaci\u00f3n de la localidad.<\/p>\n\n\n\n<p>Adem\u00e1s, presenta un guion tem\u00e1tico que narra la identidad del museo y su enfoque hist\u00f3rico-argumental, destacando testimonios materiales de la regi\u00f3n. Es una excelente oportunidad para descubrir la memoria colectiva de Oro Verde y sumergirse en su historia.<\/p>\n\n\n\n<p><\/p>\n","protected":false},"excerpt":{"rendered":"<p>Durante el festival Oro Verde Canta y Baila, se podr\u00e1 visitar la muestra \u00abUn viaje al Oro Verde de ayer\u00bb en el Museo Conrado Hasenauer, ubicado en Los Tordos 241,&#8230;<\/p>\n","protected":false},"author":1,"featured_media":629147,"comment_status":"open","ping_status":"closed","sticky":false,"template":"","format":"standard","meta":{"_eb_attr":"","footnotes":""},"categories":[36],"tags":[],"class_list":["post-629146","post","type-post","status-publish","format-standard","has-post-thumbnail","hentry","category-eventos","wpcat-36-id"],"_links":{"self":[{"href":"https:\/\/www.oroverde.com.ar\/web\/wp-json\/wp\/v2\/posts\/629146","targetHints":{"allow":["GET"]}}],"collection":[{"href":"https:\/\/www.oroverde.com.ar\/web\/wp-json\/wp\/v2\/posts"}],"about":[{"href":"https:\/\/www.oroverde.com.ar\/web\/wp-json\/wp\/v2\/types\/post"}],"author":[{"embeddable":true,"href":"https:\/\/www.oroverde.com.ar\/web\/wp-json\/wp\/v2\/users\/1"}],"replies":[{"embeddable":true,"href":"https:\/\/www.oroverde.com.ar\/web\/wp-json\/wp\/v2\/comments?post=629146"}],"version-history":[{"count":1,"href":"https:\/\/www.oroverde.com.ar\/web\/wp-json\/wp\/v2\/posts\/629146\/revisions"}],"predecessor-version":[{"id":629148,"href":"https:\/\/www.oroverde.com.ar\/web\/wp-json\/wp\/v2\/posts\/629146\/revisions\/629148"}],"wp:featuredmedia":[{"embeddable":true,"href":"https:\/\/www.oroverde.com.ar\/web\/wp-json\/wp\/v2\/media\/629147"}],"wp:attachment":[{"href":"https:\/\/www.oroverde.com.ar\/web\/wp-json\/wp\/v2\/media?parent=629146"}],"wp:term":[{"taxonomy":"category","embeddable":true,"href":"https:\/\/www.oroverde.com.ar\/web\/wp-json\/wp\/v2\/categories?post=629146"},{"taxonomy":"post_tag","embeddable":true,"href":"https:\/\/www.oroverde.com.ar\/web\/wp-json\/wp\/v2\/tags?post=629146"}],"curies":[{"name":"wp","href":"https:\/\/api.w.org\/{rel}","templated":true}]}}