{"id":630332,"date":"2025-09-26T09:47:50","date_gmt":"2025-09-26T12:47:50","guid":{"rendered":"https:\/\/www.oroverde.com.ar\/web\/?p=630332"},"modified":"2025-10-01T09:49:22","modified_gmt":"2025-10-01T12:49:22","slug":"una-nueva-edicion-del-concurso-fotografico-oro-verde-mira-como-te-miro","status":"publish","type":"post","link":"https:\/\/www.oroverde.com.ar\/web\/una-nueva-edicion-del-concurso-fotografico-oro-verde-mira-como-te-miro\/","title":{"rendered":"Una nueva edici\u00f3n del Concurso Fotogr\u00e1fico \u201cOro Verde, mir\u00e1 c\u00f3mo te miro\u201d"},"content":{"rendered":"\n<p>El Municipio de Oro Verde lanza la cuarta edici\u00f3n de esta convocatoria abierta a vecinxs, estudiantes, fot\u00f3grafxs profesionales o aficionadxs como una oportunidad para registrar, desde la mirada personal de cada participante, lo que hace \u00fanico a este lugar que habitamos y compartimos. La inauguraci\u00f3n y premiaci\u00f3n ser\u00e1 en el Museo Conrado Hasenauer el 7 de noviembre. Se recibir\u00e1n propuestas hasta el lunes 20 de octubre, a trav\u00e9s del email <a href=\"mailto:oroverdemiracomotemiro@gmail.com\" target=\"_blank\" rel=\"noreferrer noopener\">oroverdemiracomotemiro@gmail.com<\/a><\/p>\n\n\n\n<p>\u201cEsta tierra que piso, esta tierra que amo,<\/p>\n\n\n\n<p>no es de nadie, pero es de todos,<\/p>\n\n\n\n<p>y en ella guardo mi historia, mi sue\u00f1o, mi llama.\u201d<\/p>\n\n\n\n<p>Oliverio Girondo<\/p>\n\n\n\n<p>Inspirado en estos versos de Oliverio Girondo, el concurso \u201cOro Verde, mir\u00e1 c\u00f3mo te miro\u201d invita a poner en im\u00e1genes aquello que nos vincula con este lugar: paisajes, personas, escenas cotidianas, gestos m\u00ednimos o detalles que muchas veces pasan desapercibidos, pero que tambi\u00e9n dicen qui\u00e9nes somos.<\/p>\n\n\n\n<p>El Jurado evaluador estar\u00e1 compuesto por Melina Sejas, Erika Schvaigert y Romina Villaverde. Las tres son fot\u00f3grafas profesionales que residen en la localidad.<\/p>\n\n\n\n<p>Los premios ser\u00e1n los siguientes: primer puesto $80.000, el segundo de $60.000 y el tercero ser\u00e1 de $30.000<\/p>\n\n\n\n<p>-Bases y condiciones: <a href=\"https:\/\/shre.ink\/S0q3\" target=\"_blank\" rel=\"noreferrer noopener\">https:\/\/shre.ink\/S0q3<\/a>&nbsp;<\/p>\n\n\n\n<p>-Inscripciones a trav\u00e9s de este link: <a href=\"https:\/\/shre.ink\/S05C\" target=\"_blank\" rel=\"noreferrer noopener\">https:\/\/shre.ink\/S05C<\/a><\/p>\n","protected":false},"excerpt":{"rendered":"<p>El Municipio de Oro Verde lanza la cuarta edici\u00f3n de esta convocatoria abierta a vecinxs, estudiantes, fot\u00f3grafxs profesionales o aficionadxs como una oportunidad para registrar, desde la mirada personal de&#8230;<\/p>\n","protected":false},"author":1,"featured_media":630333,"comment_status":"open","ping_status":"closed","sticky":false,"template":"","format":"standard","meta":{"_eb_attr":"","footnotes":""},"categories":[196],"tags":[],"class_list":["post-630332","post","type-post","status-publish","format-standard","has-post-thumbnail","hentry","category-concursos","wpcat-196-id"],"_links":{"self":[{"href":"https:\/\/www.oroverde.com.ar\/web\/wp-json\/wp\/v2\/posts\/630332","targetHints":{"allow":["GET"]}}],"collection":[{"href":"https:\/\/www.oroverde.com.ar\/web\/wp-json\/wp\/v2\/posts"}],"about":[{"href":"https:\/\/www.oroverde.com.ar\/web\/wp-json\/wp\/v2\/types\/post"}],"author":[{"embeddable":true,"href":"https:\/\/www.oroverde.com.ar\/web\/wp-json\/wp\/v2\/users\/1"}],"replies":[{"embeddable":true,"href":"https:\/\/www.oroverde.com.ar\/web\/wp-json\/wp\/v2\/comments?post=630332"}],"version-history":[{"count":1,"href":"https:\/\/www.oroverde.com.ar\/web\/wp-json\/wp\/v2\/posts\/630332\/revisions"}],"predecessor-version":[{"id":630334,"href":"https:\/\/www.oroverde.com.ar\/web\/wp-json\/wp\/v2\/posts\/630332\/revisions\/630334"}],"wp:featuredmedia":[{"embeddable":true,"href":"https:\/\/www.oroverde.com.ar\/web\/wp-json\/wp\/v2\/media\/630333"}],"wp:attachment":[{"href":"https:\/\/www.oroverde.com.ar\/web\/wp-json\/wp\/v2\/media?parent=630332"}],"wp:term":[{"taxonomy":"category","embeddable":true,"href":"https:\/\/www.oroverde.com.ar\/web\/wp-json\/wp\/v2\/categories?post=630332"},{"taxonomy":"post_tag","embeddable":true,"href":"https:\/\/www.oroverde.com.ar\/web\/wp-json\/wp\/v2\/tags?post=630332"}],"curies":[{"name":"wp","href":"https:\/\/api.w.org\/{rel}","templated":true}]}}