{"id":630340,"date":"2025-09-30T10:00:24","date_gmt":"2025-09-30T13:00:24","guid":{"rendered":"https:\/\/www.oroverde.com.ar\/web\/?p=630340"},"modified":"2025-10-01T10:02:56","modified_gmt":"2025-10-01T13:02:56","slug":"festejamos-la-fiesta-de-la-primavera-y-del-estudiante","status":"publish","type":"post","link":"https:\/\/www.oroverde.com.ar\/web\/festejamos-la-fiesta-de-la-primavera-y-del-estudiante\/","title":{"rendered":"Festejamos la Fiesta de la Primavera y del Estudiante"},"content":{"rendered":"\n<p>Una verdadera fiesta se vivi\u00f3 este domingo en el play\u00f3n del Polideportivo municipal. Hubo concurso de baile, sorteos y propuestas de los talleres municipales para toda la familia.<\/p>\n\n\n\n<p>La m\u00fasica estuvo a cargo de MDJ y sobre el escenario Esclavo, La llamarada del Sauce y Pont a bailar fueron los encargados de divertir al gran marco de p\u00fablico.<\/p>\n\n\n\n<p>El baile form\u00f3 parte de esta fiesta con el taller de folclore de la Facultad de Agronom\u00eda (UNER) y el taller municipal Almas Danzantes. El de Batucada le dio ritmo a una tarde primaveral.<\/p>\n\n\n\n<p>El taller Emocionarte, Teatro y Circo y Primera Infancia ofrecieron diferentes actividades para ni\u00f1os y ni\u00f1as.<\/p>\n\n\n\n<p>Adem\u00e1s, hubo un puesto de maquillaje y para darle m\u00e1s color a esta fiesta la decoraci\u00f3n estuvo a cargo del grupo Manos Creativas.<\/p>\n\n\n\n<p>Sexto grado del Departamento de Aplicaci\u00f3n A. Alfonsini fue el encargado de la cantina y hubo dos puestos de cerveza artesanal: Oro Verde y El Messias.<\/p>\n\n\n\n<p>Estuvieron presentes el intendente C\u00e9sar Clement, y la viceintendenta Mercedes Schvindt y quienes estuvieron a cargo en la organizaci\u00f3n de este evento, el responsable del \u00e1rea de Deportes Marcelo Barreto y del \u00e1rea de Cultura Soledad Sauthier. Tambi\u00e9n colaboraron diferentes \u00e1reas municipales y las profesoras Mar\u00eda Galeano y Pato Ibarra.<\/p>\n\n\n\n<figure class=\"wp-block-image size-large\"><img fetchpriority=\"high\" decoding=\"async\" width=\"1024\" height=\"684\" src=\"https:\/\/www.oroverde.com.ar\/web\/wp-content\/uploads\/2025\/10\/Fiesta-de-la-Primavera-21-1024x684.jpg\" alt=\"\" class=\"wp-image-630342\" srcset=\"https:\/\/www.oroverde.com.ar\/web\/wp-content\/uploads\/2025\/10\/Fiesta-de-la-Primavera-21-1024x684.jpg 1024w, https:\/\/www.oroverde.com.ar\/web\/wp-content\/uploads\/2025\/10\/Fiesta-de-la-Primavera-21-300x200.jpg 300w, https:\/\/www.oroverde.com.ar\/web\/wp-content\/uploads\/2025\/10\/Fiesta-de-la-Primavera-21-150x100.jpg 150w, https:\/\/www.oroverde.com.ar\/web\/wp-content\/uploads\/2025\/10\/Fiesta-de-la-Primavera-21-768x513.jpg 768w, https:\/\/www.oroverde.com.ar\/web\/wp-content\/uploads\/2025\/10\/Fiesta-de-la-Primavera-21-1536x1025.jpg 1536w, https:\/\/www.oroverde.com.ar\/web\/wp-content\/uploads\/2025\/10\/Fiesta-de-la-Primavera-21-1226x818.jpg 1226w, https:\/\/www.oroverde.com.ar\/web\/wp-content\/uploads\/2025\/10\/Fiesta-de-la-Primavera-21-850x567.jpg 850w, https:\/\/www.oroverde.com.ar\/web\/wp-content\/uploads\/2025\/10\/Fiesta-de-la-Primavera-21.jpg 2048w\" sizes=\"(max-width: 1024px) 100vw, 1024px\" \/><\/figure>\n\n\n\n<figure class=\"wp-block-image size-large\"><img decoding=\"async\" width=\"1024\" height=\"683\" src=\"https:\/\/www.oroverde.com.ar\/web\/wp-content\/uploads\/2025\/10\/Fiesta-de-la-Primavera-3-1024x683.jpg\" alt=\"\" class=\"wp-image-630343\" srcset=\"https:\/\/www.oroverde.com.ar\/web\/wp-content\/uploads\/2025\/10\/Fiesta-de-la-Primavera-3-1024x683.jpg 1024w, https:\/\/www.oroverde.com.ar\/web\/wp-content\/uploads\/2025\/10\/Fiesta-de-la-Primavera-3-300x200.jpg 300w, https:\/\/www.oroverde.com.ar\/web\/wp-content\/uploads\/2025\/10\/Fiesta-de-la-Primavera-3-150x100.jpg 150w, https:\/\/www.oroverde.com.ar\/web\/wp-content\/uploads\/2025\/10\/Fiesta-de-la-Primavera-3-768x512.jpg 768w, https:\/\/www.oroverde.com.ar\/web\/wp-content\/uploads\/2025\/10\/Fiesta-de-la-Primavera-3-1536x1025.jpg 1536w, https:\/\/www.oroverde.com.ar\/web\/wp-content\/uploads\/2025\/10\/Fiesta-de-la-Primavera-3-1226x818.jpg 1226w, https:\/\/www.oroverde.com.ar\/web\/wp-content\/uploads\/2025\/10\/Fiesta-de-la-Primavera-3-850x567.jpg 850w, https:\/\/www.oroverde.com.ar\/web\/wp-content\/uploads\/2025\/10\/Fiesta-de-la-Primavera-3.jpg 2048w\" sizes=\"(max-width: 1024px) 100vw, 1024px\" \/><\/figure>\n","protected":false},"excerpt":{"rendered":"<p>Una verdadera fiesta se vivi\u00f3 este domingo en el play\u00f3n del Polideportivo municipal. Hubo concurso de baile, sorteos y propuestas de los talleres municipales para toda la familia. La m\u00fasica&#8230;<\/p>\n","protected":false},"author":1,"featured_media":630341,"comment_status":"open","ping_status":"closed","sticky":false,"template":"","format":"standard","meta":{"_eb_attr":"","footnotes":""},"categories":[216],"tags":[],"class_list":["post-630340","post","type-post","status-publish","format-standard","has-post-thumbnail","hentry","category-festejos","wpcat-216-id"],"_links":{"self":[{"href":"https:\/\/www.oroverde.com.ar\/web\/wp-json\/wp\/v2\/posts\/630340","targetHints":{"allow":["GET"]}}],"collection":[{"href":"https:\/\/www.oroverde.com.ar\/web\/wp-json\/wp\/v2\/posts"}],"about":[{"href":"https:\/\/www.oroverde.com.ar\/web\/wp-json\/wp\/v2\/types\/post"}],"author":[{"embeddable":true,"href":"https:\/\/www.oroverde.com.ar\/web\/wp-json\/wp\/v2\/users\/1"}],"replies":[{"embeddable":true,"href":"https:\/\/www.oroverde.com.ar\/web\/wp-json\/wp\/v2\/comments?post=630340"}],"version-history":[{"count":1,"href":"https:\/\/www.oroverde.com.ar\/web\/wp-json\/wp\/v2\/posts\/630340\/revisions"}],"predecessor-version":[{"id":630344,"href":"https:\/\/www.oroverde.com.ar\/web\/wp-json\/wp\/v2\/posts\/630340\/revisions\/630344"}],"wp:featuredmedia":[{"embeddable":true,"href":"https:\/\/www.oroverde.com.ar\/web\/wp-json\/wp\/v2\/media\/630341"}],"wp:attachment":[{"href":"https:\/\/www.oroverde.com.ar\/web\/wp-json\/wp\/v2\/media?parent=630340"}],"wp:term":[{"taxonomy":"category","embeddable":true,"href":"https:\/\/www.oroverde.com.ar\/web\/wp-json\/wp\/v2\/categories?post=630340"},{"taxonomy":"post_tag","embeddable":true,"href":"https:\/\/www.oroverde.com.ar\/web\/wp-json\/wp\/v2\/tags?post=630340"}],"curies":[{"name":"wp","href":"https:\/\/api.w.org\/{rel}","templated":true}]}}