{"id":630345,"date":"2025-09-30T10:03:02","date_gmt":"2025-09-30T13:03:02","guid":{"rendered":"https:\/\/www.oroverde.com.ar\/web\/?p=630345"},"modified":"2025-10-01T10:04:49","modified_gmt":"2025-10-01T13:04:49","slug":"la-muestra-nos-reune-el-eternauta-ya-puede-visitarse-en-el-museo-conrado-hasenauer","status":"publish","type":"post","link":"https:\/\/www.oroverde.com.ar\/web\/la-muestra-nos-reune-el-eternauta-ya-puede-visitarse-en-el-museo-conrado-hasenauer\/","title":{"rendered":"La muestra \u201cNos re\u00fane el eternauta\u201d ya puede visitarse en el Museo Conrado Hasenauer"},"content":{"rendered":"\n<p>Con un gran marco de p\u00fablico qued\u00f3 inaugurada esta muestra que convoc\u00f3 a artistas de la regi\u00f3n a realizar piezas art\u00edsticas inspiradas en la historieta El Eternauta de H\u00e9ctor German Oesterheld y Francisco Solano L\u00f3pez.<\/p>\n\n\n\n<p>Durante la inauguraci\u00f3n hubo palabras destacando la importancia de un evento de estas caracter\u00edsticas del intendente C\u00e9sar Clement y la responsable del \u00e1rea de cultura Soledad Sauthier. Adem\u00e1s, brind\u00f3 unas palabras Mart\u00edn Kornicki, integrante del Taller l\u00e1grima de Luna, que forma parte de este proyecto.<\/p>\n\n\n\n<p>El narrador oral Monchi Sonis llev\u00f3 adelante esta noche y cedi\u00f3 la palabra a Juan Marengo, quien realiz\u00f3 una breve introducci\u00f3n sobre el contexto hist\u00f3rico de esta historieta, y a Luciana Maffioly quien dirige el taller de lectura \u201cEl clan del buceo\u201d de la librer\u00eda De las Maravillas.<\/p>\n\n\n\n<p>La m\u00fasica fue parte de esta velada con el colectivo de mujeres Pint\u00f3 Cantar y el rap de Eliot y Socram.<\/p>\n\n\n\n<p>Estuvo presente la viceintendenta Mercedes Schvindt y la responsable del Museo Justina Marengo.<\/p>\n\n\n\n<p>Luego del rap, todos disfrutaron recorriendo esta muestra que estar\u00e1 expuesta hasta el 26 de octubre. Puede visitarse&nbsp; de lunes a viernes de 8 a 12:30 hs. S\u00e1bados y domingos de 16 a 19 hs.<\/p>\n","protected":false},"excerpt":{"rendered":"<p>Con un gran marco de p\u00fablico qued\u00f3 inaugurada esta muestra que convoc\u00f3 a artistas de la regi\u00f3n a realizar piezas art\u00edsticas inspiradas en la historieta El Eternauta de H\u00e9ctor German&#8230;<\/p>\n","protected":false},"author":1,"featured_media":0,"comment_status":"open","ping_status":"closed","sticky":false,"template":"","format":"standard","meta":{"_eb_attr":"","footnotes":""},"categories":[201],"tags":[],"class_list":["post-630345","post","type-post","status-publish","format-standard","hentry","category-muestras","wpcat-201-id"],"_links":{"self":[{"href":"https:\/\/www.oroverde.com.ar\/web\/wp-json\/wp\/v2\/posts\/630345","targetHints":{"allow":["GET"]}}],"collection":[{"href":"https:\/\/www.oroverde.com.ar\/web\/wp-json\/wp\/v2\/posts"}],"about":[{"href":"https:\/\/www.oroverde.com.ar\/web\/wp-json\/wp\/v2\/types\/post"}],"author":[{"embeddable":true,"href":"https:\/\/www.oroverde.com.ar\/web\/wp-json\/wp\/v2\/users\/1"}],"replies":[{"embeddable":true,"href":"https:\/\/www.oroverde.com.ar\/web\/wp-json\/wp\/v2\/comments?post=630345"}],"version-history":[{"count":1,"href":"https:\/\/www.oroverde.com.ar\/web\/wp-json\/wp\/v2\/posts\/630345\/revisions"}],"predecessor-version":[{"id":630346,"href":"https:\/\/www.oroverde.com.ar\/web\/wp-json\/wp\/v2\/posts\/630345\/revisions\/630346"}],"wp:attachment":[{"href":"https:\/\/www.oroverde.com.ar\/web\/wp-json\/wp\/v2\/media?parent=630345"}],"wp:term":[{"taxonomy":"category","embeddable":true,"href":"https:\/\/www.oroverde.com.ar\/web\/wp-json\/wp\/v2\/categories?post=630345"},{"taxonomy":"post_tag","embeddable":true,"href":"https:\/\/www.oroverde.com.ar\/web\/wp-json\/wp\/v2\/tags?post=630345"}],"curies":[{"name":"wp","href":"https:\/\/api.w.org\/{rel}","templated":true}]}}